{"id":95900,"date":"2018-04-09T20:04:48","date_gmt":"2018-04-09T23:04:48","guid":{"rendered":"http:\/\/diarioregionaljf.com.br\/2018\/04\/09\/trump-diz-que-vera-kim-jong-un-em-maio-ou-no-inicio-de-junho\/"},"modified":"2018-04-09T20:04:48","modified_gmt":"2018-04-09T23:04:48","slug":"trump-diz-que-vera-kim-jong-un-em-maio-ou-no-inicio-de-junho","status":"publish","type":"post","link":"https:\/\/diarioregionaldigital.com.br\/?p=95900","title":{"rendered":"Trump diz que ver\u00e1 Kim Jong-un &#8220;em maio ou no in\u00edcio de junho&#8221;"},"content":{"rendered":"<p>O presidente dos Estados Unidos, Donald Trump, afirmou nessa segunda-feira, 9, que o seu hist\u00f3rico encontro com o l\u00edder norte-coreano Kim Jong-un poder\u00e1 acontecer &#8220;em maio ou no in\u00edcio de junho&#8221;, sem dar detalhes sobre o poss\u00edvel local.<\/p>\n<p>Trump fez essas declara\u00e7\u00f5es no in\u00edcio de uma reuni\u00e3o com os integrantes de seu gabinete na Casa Branca hoje. A informa\u00e7\u00e3o \u00e9 da ag\u00eancia de not\u00edcias EFE.<\/p>\n<p>Fonte: Ag\u00eancia Brasil<\/p>\n","protected":false},"excerpt":{"rendered":"<p>O presidente dos Estados Unidos, Donald Trump, afirmou nessa segunda-feira, 9, que o seu hist\u00f3rico encontro com o l\u00edder norte-coreano Kim Jong-un poder\u00e1 acontecer &#8220;em maio ou no in\u00edcio de junho&#8221;, sem dar detalhes sobre o poss\u00edvel local. Trump fez essas declara\u00e7\u00f5es no in\u00edcio de uma reuni\u00e3o com os integrantes de seu gabinete na Casa [&hellip;]<\/p>\n","protected":false},"author":96,"featured_media":95899,"comment_status":"closed","ping_status":"closed","sticky":false,"template":"","format":"standard","meta":{"footnotes":""},"categories":[302],"tags":[],"class_list":["post-95900","post","type-post","status-publish","format-standard","has-post-thumbnail","hentry","category-brasil-mundo"],"_links":{"self":[{"href":"https:\/\/diarioregionaldigital.com.br\/index.php?rest_route=\/wp\/v2\/posts\/95900","targetHints":{"allow":["GET"]}}],"collection":[{"href":"https:\/\/diarioregionaldigital.com.br\/index.php?rest_route=\/wp\/v2\/posts"}],"about":[{"href":"https:\/\/diarioregionaldigital.com.br\/index.php?rest_route=\/wp\/v2\/types\/post"}],"author":[{"embeddable":true,"href":"https:\/\/diarioregionaldigital.com.br\/index.php?rest_route=\/wp\/v2\/users\/96"}],"replies":[{"embeddable":true,"href":"https:\/\/diarioregionaldigital.com.br\/index.php?rest_route=%2Fwp%2Fv2%2Fcomments&post=95900"}],"version-history":[{"count":0,"href":"https:\/\/diarioregionaldigital.com.br\/index.php?rest_route=\/wp\/v2\/posts\/95900\/revisions"}],"wp:featuredmedia":[{"embeddable":true,"href":"https:\/\/diarioregionaldigital.com.br\/index.php?rest_route=\/wp\/v2\/media\/95899"}],"wp:attachment":[{"href":"https:\/\/diarioregionaldigital.com.br\/index.php?rest_route=%2Fwp%2Fv2%2Fmedia&parent=95900"}],"wp:term":[{"taxonomy":"category","embeddable":true,"href":"https:\/\/diarioregionaldigital.com.br\/index.php?rest_route=%2Fwp%2Fv2%2Fcategories&post=95900"},{"taxonomy":"post_tag","embeddable":true,"href":"https:\/\/diarioregionaldigital.com.br\/index.php?rest_route=%2Fwp%2Fv2%2Ftags&post=95900"}],"curies":[{"name":"wp","href":"https:\/\/api.w.org\/{rel}","templated":true}]}}