{"id":95898,"date":"2018-04-09T20:00:12","date_gmt":"2018-04-09T23:00:12","guid":{"rendered":"http:\/\/diarioregionaljf.com.br\/2018\/04\/09\/prefeitura-adere-ao-programa-internet-para-todos\/"},"modified":"2018-04-09T20:00:12","modified_gmt":"2018-04-09T23:00:12","slug":"prefeitura-adere-ao-programa-internet-para-todos","status":"publish","type":"post","link":"https:\/\/diarioregionaldigital.com.br\/?p=95898","title":{"rendered":"Prefeitura adere ao programa \u201cInternet para Todos\u201d"},"content":{"rendered":"<p>A Prefeitura de Juiz de Fora (PJF), por meio da Subsecretaria de Tecnologia da Informa\u00e7\u00e3o (SSTI) da Secretaria de Planejamento e Gest\u00e3o (Seplag-JF), encaminhou na sexta-feira, 6, ao Minist\u00e9rio da Ci\u00eancia, Tecnologia, Inova\u00e7\u00e3o e Comunica\u00e7\u00f5es (MCTIC), em Bras\u00edlia, o termo de ades\u00e3o ao programa \u201cGoverno Eletr\u00f4nico &#8211; Servi\u00e7o de Atendimento ao Cidad\u00e3o (Gesac) \u2018Internet para Todos\u2019\u201d, do Governo federal.<\/p>\n<p>O programa foi lan\u00e7ado em 12 de mar\u00e7o, durante evento realizado pelo Governo federal, e reuniu prefeitos que manifestaram interesse em participar. Os munic\u00edpios que n\u00e3o tiveram representantes no encontro, como foi o caso de Juiz de Fora, puderam fazer a ades\u00e3o via internet, efetivando a participa\u00e7\u00e3o atrav\u00e9s de envio do termo assinado ao MCTIC, formalizando a parceria entre as partes, visando o fornecimento de conex\u00e3o \u00e0 internet em banda larga nas localidades indicadas pela PJF. Juiz de Fora \u00e9 um dos 2.766 munic\u00edpios brasileiros aptos a receber o programa.<\/p>\n<p>Segundo o secret\u00e1rio de Planejamento e Gest\u00e3o, Argemiro Tavares, essa ades\u00e3o fortalece as a\u00e7\u00f5es de inclus\u00e3o digital e democratiza\u00e7\u00e3o do acesso \u00e0 internet, j\u00e1 implementadas pela PJF, como o programa \u201cJF+Digital\u201d. Ap\u00f3s an\u00e1lises realizadas pelas equipes da Subsecretaria de Planejamento do Territ\u00f3rio (SSPLAT) e da SSTI, 12 localidades foram selecionadas para implanta\u00e7\u00e3o do programa: os n\u00facleos urbanos de Ros\u00e1rio de Minas, Penido e Valadares, no Distrito de Ros\u00e1rio de Minas; Humait\u00e1, Monte Verde, Toledos e Torre\u00f5es, no Distrito de Torre\u00f5es; Sarandira e Caet\u00e9s, no Distrito de Sarandira; e as localidades urbanas descont\u00ednuas de Paula Lima, Dias Tavares e Chap\u00e9u d\u2019Uvas, no per\u00edmetro urbano de Juiz de Fora. De acordo com o subsecret\u00e1rio de Tecnologia da Informa\u00e7\u00e3o, Roland Barcelos, \u201cum dos crit\u00e9rios utilizados para a escolha dessas localidades foi o fato de elas n\u00e3o possu\u00edrem conex\u00e3o \u00e0 internet em banda larga, bem como disporem de equipamento p\u00fablico para instala\u00e7\u00e3o das antenas de distribui\u00e7\u00e3o de sinal, n\u00e3o gerando custos para a PJF, com constru\u00e7\u00e3o de infraestruturas espec\u00edficas para este fim\u201d.<\/p>\n<p>O programa ser\u00e1 implementado a partir de parcerias entre o MCTIC e o munic\u00edpio e executado por empresas credenciadas junto ao minist\u00e9rio. Informa\u00e7\u00f5es sobre o &#8220;Internet para Todos&#8221; podem ser obtidas no site do MCTIC, neste <a href=\"http:\/\/www.mctic.gov.br\/mctic\/opencms\/comunicacao\/SETEL\/inclusao_digital\/internet_para_todos\/internet_para_todos.html\">link.<\/a><\/p>\n<p>Fonte: Assessoria<\/p>\n","protected":false},"excerpt":{"rendered":"<p>A Prefeitura de Juiz de Fora (PJF), por meio da Subsecretaria de Tecnologia da Informa\u00e7\u00e3o (SSTI) da Secretaria de Planejamento e Gest\u00e3o (Seplag-JF), encaminhou na sexta-feira, 6, ao Minist\u00e9rio da Ci\u00eancia, Tecnologia, Inova\u00e7\u00e3o e Comunica\u00e7\u00f5es (MCTIC), em Bras\u00edlia, o termo de ades\u00e3o ao programa \u201cGoverno Eletr\u00f4nico &#8211; Servi\u00e7o de Atendimento ao Cidad\u00e3o (Gesac) \u2018Internet para [&hellip;]<\/p>\n","protected":false},"author":96,"featured_media":95897,"comment_status":"closed","ping_status":"closed","sticky":false,"template":"","format":"standard","meta":{"footnotes":""},"categories":[253],"tags":[],"class_list":["post-95898","post","type-post","status-publish","format-standard","has-post-thumbnail","hentry","category-cidade"],"_links":{"self":[{"href":"https:\/\/diarioregionaldigital.com.br\/index.php?rest_route=\/wp\/v2\/posts\/95898","targetHints":{"allow":["GET"]}}],"collection":[{"href":"https:\/\/diarioregionaldigital.com.br\/index.php?rest_route=\/wp\/v2\/posts"}],"about":[{"href":"https:\/\/diarioregionaldigital.com.br\/index.php?rest_route=\/wp\/v2\/types\/post"}],"author":[{"embeddable":true,"href":"https:\/\/diarioregionaldigital.com.br\/index.php?rest_route=\/wp\/v2\/users\/96"}],"replies":[{"embeddable":true,"href":"https:\/\/diarioregionaldigital.com.br\/index.php?rest_route=%2Fwp%2Fv2%2Fcomments&post=95898"}],"version-history":[{"count":0,"href":"https:\/\/diarioregionaldigital.com.br\/index.php?rest_route=\/wp\/v2\/posts\/95898\/revisions"}],"wp:featuredmedia":[{"embeddable":true,"href":"https:\/\/diarioregionaldigital.com.br\/index.php?rest_route=\/wp\/v2\/media\/95897"}],"wp:attachment":[{"href":"https:\/\/diarioregionaldigital.com.br\/index.php?rest_route=%2Fwp%2Fv2%2Fmedia&parent=95898"}],"wp:term":[{"taxonomy":"category","embeddable":true,"href":"https:\/\/diarioregionaldigital.com.br\/index.php?rest_route=%2Fwp%2Fv2%2Fcategories&post=95898"},{"taxonomy":"post_tag","embeddable":true,"href":"https:\/\/diarioregionaldigital.com.br\/index.php?rest_route=%2Fwp%2Fv2%2Ftags&post=95898"}],"curies":[{"name":"wp","href":"https:\/\/api.w.org\/{rel}","templated":true}]}}