{"id":95896,"date":"2018-04-09T19:28:41","date_gmt":"2018-04-09T22:28:41","guid":{"rendered":"http:\/\/diarioregionaljf.com.br\/2018\/04\/09\/russia-nega-uso-de-armas-quimicas-em-ofensiva-na-siria\/"},"modified":"2018-04-09T19:28:41","modified_gmt":"2018-04-09T22:28:41","slug":"russia-nega-uso-de-armas-quimicas-em-ofensiva-na-siria","status":"publish","type":"post","link":"https:\/\/diarioregionaldigital.com.br\/?p=95896","title":{"rendered":"R\u00fassia nega uso de armas qu\u00edmicas em ofensiva na S\u00edria"},"content":{"rendered":"<p>A R\u00fassia negou nesse domingo, 8, informa\u00e7\u00f5es sobre suposto ataque qu\u00edmico realizado pelas for\u00e7as governamentais da S\u00edria na cidade de Duma, o \u00faltimo reduto rebelde nos arredores da capital Damasco. As informa\u00e7\u00f5es s\u00e3o da Ag\u00eancia EFE.<\/p>\n<p>&#8220;Negamos categoricamente tal informa\u00e7\u00e3o e, assim que for liberada a cidade de Duma dos rebeldes, nos declaramos dispostos a enviar imediatamente nossos especialistas&#8221;, disse Yuri Yevtushenko, chefe do Centro de Reconcilia\u00e7\u00e3o russa na S\u00edria. O general russo explicou que os especialistas do seu pa\u00eds em limpeza qu\u00edmica, biol\u00f3gica e radiativa &#8220;recolher\u00e3o dados que confirmar\u00e3o que essas declara\u00e7\u00f5es s\u00e3o fabricadas&#8221;.<\/p>\n<p>Ele acusou &#8220;uma s\u00e9rie de pa\u00edses ocidentais&#8221; de tentar impedir o reatamento da opera\u00e7\u00e3o de evacua\u00e7\u00e3o de rebeldes de Duma, estancada h\u00e1 dois dias. &#8220;Para isso se utiliza o tema preferido de Ocidente que \u00e9 o uso de armas qu\u00edmicas por parte das for\u00e7as governamentais s\u00edrias&#8221;, afirmou Yevtushenko.<\/p>\n<p>A ag\u00eancia oficial s\u00edria, a &#8220;SANA&#8221;, tamb\u00e9m rejeitou qualquer responsabilidade das for\u00e7as s\u00edrias e garantiu que &#8220;as den\u00fancias do uso de subst\u00e2ncias qu\u00edmicas em Duma s\u00e3o uma tentativa clara de impedir o progresso do Ex\u00e9rcito&#8221;.<\/p>\n<p>Segundo a ONG Capacetes Brancos, pelo menos 40 pessoas, na sua maioria mulheres e crian\u00e7as, morreram no s\u00e1bado, 7, por asfixia em um ataque qu\u00edmico contra Duma.<\/p>\n<h4>&nbsp;<\/h4>\n<h4>ESTADOS UNIDOS X R\u00daSSIA<\/h4>\n<p>Os Estados Unidos pediram ontem \u00e0 R\u00fassia para que ponha fim &#8220;imediatamente&#8221; ao seu apoio &#8220;incondicional&#8221; ao governo de Bashar al Assad depois do suposto ataque qu\u00edmico. A porta-voz do Departamento de Estado, Heather Nauert, afirmou, em comunicado, que a R\u00fassia &#8220;descumpriu os seus compromissos com as Na\u00e7\u00f5es Unidas e traiu a Conven\u00e7\u00e3o sobre Armas Qu\u00edmicas ao proteger incondicionalmente Assad&#8221;.<\/p>\n<p>&#8220;A prote\u00e7\u00e3o do regime de Assad por parte da R\u00fassia e a sua incapacidade para deter o uso de armas qu\u00edmicas na S\u00edria questiona o seu compromisso de resolver a crise global e as maiores prioridades de n\u00e3o prolifera\u00e7\u00e3o&#8221;, afirmou a porta-voz. &#8220;A R\u00fassia, com o seu inquebrant\u00e1vel apoio ao regime, em \u00faltima inst\u00e2ncia \u00e9 respons\u00e1vel por estes brutais ataques, voltados contra civis e a asfixia das comunidades mais vulner\u00e1veis da S\u00edria com armas qu\u00edmicas&#8221;, acrescentou.<\/p>\n<p>O governo americano acompanha de perto as informa\u00e7\u00f5es sobre o suposto ataque a um hospital em Duma, onde, sem detalhar o n\u00famero de mortos, reconheceu que pode haver &#8220;um n\u00famero potencialmente alto de v\u00edtimas&#8221;. &#8220;Se estes relat\u00f3rios horr\u00edveis forem confirmados, exigem uma resposta imediata da comunidade internacional&#8221;, asseverou a porta-voz.<\/p>\n<p>Nauert insistiu que o hist\u00f3rico de Assad com o uso de armas qu\u00edmicas contra o seu pr\u00f3prio povo &#8220;n\u00e3o est\u00e1 em discuss\u00e3o&#8221; e lembrou que h\u00e1 um ano as for\u00e7as do governo s\u00edrio fizeram um ataque de g\u00e1s sarin que matou aproximadamente cem s\u00edrios.<\/p>\n<h4>&nbsp;<\/h4>\n<h4>NOVOS BOMBARDEIOS<\/h4>\n<p>Os bombardeios na cidade de Duma foram retomados nesse domingo, depois de uma breve pausa, informou o Observat\u00f3rio S\u00edrio de Direitos Humanos.<\/p>\n<p>Os ataques a\u00e9reos foram interrompidos durante um intervalo de quase duas horas, segundo a ONG, coincidindo com o rein\u00edcio das negocia\u00e7\u00f5es entre R\u00fassia, que apoia o presidente s\u00edrio, Bashar al Assad, e o grupo islamita Ex\u00e9rcito do Isl\u00e3, que controla Duma.<\/p>\n<p>De madrugada tamb\u00e9m aconteceram bombardeios e ataques com m\u00edsseis e dezenas de proj\u00e9teis de artilharia contra esta cidade, a mais povoada da periferia da capital do pa\u00eds.<\/p>\n<p>Fonte: Ag\u00eancia Brasil<\/p>\n","protected":false},"excerpt":{"rendered":"<p>A R\u00fassia negou nesse domingo, 8, informa\u00e7\u00f5es sobre suposto ataque qu\u00edmico realizado pelas for\u00e7as governamentais da S\u00edria na cidade de Duma, o \u00faltimo reduto rebelde nos arredores da capital Damasco. As informa\u00e7\u00f5es s\u00e3o da Ag\u00eancia EFE. &#8220;Negamos categoricamente tal informa\u00e7\u00e3o e, assim que for liberada a cidade de Duma dos rebeldes, nos declaramos dispostos a [&hellip;]<\/p>\n","protected":false},"author":96,"featured_media":95895,"comment_status":"closed","ping_status":"closed","sticky":false,"template":"","format":"standard","meta":{"footnotes":""},"categories":[302],"tags":[],"class_list":["post-95896","post","type-post","status-publish","format-standard","has-post-thumbnail","hentry","category-brasil-mundo"],"_links":{"self":[{"href":"https:\/\/diarioregionaldigital.com.br\/index.php?rest_route=\/wp\/v2\/posts\/95896","targetHints":{"allow":["GET"]}}],"collection":[{"href":"https:\/\/diarioregionaldigital.com.br\/index.php?rest_route=\/wp\/v2\/posts"}],"about":[{"href":"https:\/\/diarioregionaldigital.com.br\/index.php?rest_route=\/wp\/v2\/types\/post"}],"author":[{"embeddable":true,"href":"https:\/\/diarioregionaldigital.com.br\/index.php?rest_route=\/wp\/v2\/users\/96"}],"replies":[{"embeddable":true,"href":"https:\/\/diarioregionaldigital.com.br\/index.php?rest_route=%2Fwp%2Fv2%2Fcomments&post=95896"}],"version-history":[{"count":0,"href":"https:\/\/diarioregionaldigital.com.br\/index.php?rest_route=\/wp\/v2\/posts\/95896\/revisions"}],"wp:featuredmedia":[{"embeddable":true,"href":"https:\/\/diarioregionaldigital.com.br\/index.php?rest_route=\/wp\/v2\/media\/95895"}],"wp:attachment":[{"href":"https:\/\/diarioregionaldigital.com.br\/index.php?rest_route=%2Fwp%2Fv2%2Fmedia&parent=95896"}],"wp:term":[{"taxonomy":"category","embeddable":true,"href":"https:\/\/diarioregionaldigital.com.br\/index.php?rest_route=%2Fwp%2Fv2%2Fcategories&post=95896"},{"taxonomy":"post_tag","embeddable":true,"href":"https:\/\/diarioregionaldigital.com.br\/index.php?rest_route=%2Fwp%2Fv2%2Ftags&post=95896"}],"curies":[{"name":"wp","href":"https:\/\/api.w.org\/{rel}","templated":true}]}}