{"id":95894,"date":"2018-04-09T19:02:25","date_gmt":"2018-04-09T22:02:25","guid":{"rendered":"http:\/\/diarioregionaljf.com.br\/2018\/04\/09\/idoso-morre-apos-perder-o-controle-do-carro-e-cair-dentro-de-piscina-no-bom-pastor\/"},"modified":"2018-04-09T19:02:25","modified_gmt":"2018-04-09T22:02:25","slug":"idoso-morre-apos-perder-o-controle-do-carro-e-cair-dentro-de-piscina-no-bom-pastor","status":"publish","type":"post","link":"https:\/\/diarioregionaldigital.com.br\/?p=95894","title":{"rendered":"Idoso morre ap\u00f3s perder o controle do carro e cair dentro de piscina no Bom Pastor"},"content":{"rendered":"<p style=\"text-align: justify;\">Um idoso de 64 anos morreu ap\u00f3s o ve\u00edculo que ele dirigia invadir uma casa e cair dentro de uma piscina no bairro Bom Pastor, zona Sul, na manh\u00e3 dessa segunda-feira, 9. Conforme o registro da ocorr\u00eancia, as testemunhas relataram aos policiais militares que o motorista transitava pela Rua Carlos Sampaio, quando passou reto em uma curva acentuada, desceu um barranco e caiu nos fundos de uma casa da Rua Pedro Gon\u00e7alves Oliveira, localizada abaixo.<\/p>\n<p style=\"text-align: justify;\">O carro parou com as rodas para cima dentro da \u00e1gua. Quando os militares chegaram ao local, a v\u00edtima j\u00e1 tinha sido retirada do ve\u00edculo pelo Corpo de Bombeiros e em seguida a m\u00e9dica do Samu constatou o \u00f3bito.<\/p>\n<p style=\"text-align: justify;\">O corpo do idoso foi encaminhado ao Instituto M\u00e9dico Legal (IML).<\/p>\n","protected":false},"excerpt":{"rendered":"<p>Um idoso de 64 anos morreu ap\u00f3s o ve\u00edculo que ele dirigia invadir uma casa e cair dentro de uma piscina no bairro Bom Pastor, zona Sul, na manh\u00e3 dessa segunda-feira, 9. Conforme o registro da ocorr\u00eancia, as testemunhas relataram aos policiais militares que o motorista transitava pela Rua Carlos Sampaio, quando passou reto em [&hellip;]<\/p>\n","protected":false},"author":96,"featured_media":95836,"comment_status":"closed","ping_status":"closed","sticky":false,"template":"","format":"standard","meta":{"footnotes":""},"categories":[301],"tags":[],"class_list":["post-95894","post","type-post","status-publish","format-standard","has-post-thumbnail","hentry","category-artigos-policiais"],"_links":{"self":[{"href":"https:\/\/diarioregionaldigital.com.br\/index.php?rest_route=\/wp\/v2\/posts\/95894","targetHints":{"allow":["GET"]}}],"collection":[{"href":"https:\/\/diarioregionaldigital.com.br\/index.php?rest_route=\/wp\/v2\/posts"}],"about":[{"href":"https:\/\/diarioregionaldigital.com.br\/index.php?rest_route=\/wp\/v2\/types\/post"}],"author":[{"embeddable":true,"href":"https:\/\/diarioregionaldigital.com.br\/index.php?rest_route=\/wp\/v2\/users\/96"}],"replies":[{"embeddable":true,"href":"https:\/\/diarioregionaldigital.com.br\/index.php?rest_route=%2Fwp%2Fv2%2Fcomments&post=95894"}],"version-history":[{"count":0,"href":"https:\/\/diarioregionaldigital.com.br\/index.php?rest_route=\/wp\/v2\/posts\/95894\/revisions"}],"wp:featuredmedia":[{"embeddable":true,"href":"https:\/\/diarioregionaldigital.com.br\/index.php?rest_route=\/wp\/v2\/media\/95836"}],"wp:attachment":[{"href":"https:\/\/diarioregionaldigital.com.br\/index.php?rest_route=%2Fwp%2Fv2%2Fmedia&parent=95894"}],"wp:term":[{"taxonomy":"category","embeddable":true,"href":"https:\/\/diarioregionaldigital.com.br\/index.php?rest_route=%2Fwp%2Fv2%2Fcategories&post=95894"},{"taxonomy":"post_tag","embeddable":true,"href":"https:\/\/diarioregionaldigital.com.br\/index.php?rest_route=%2Fwp%2Fv2%2Ftags&post=95894"}],"curies":[{"name":"wp","href":"https:\/\/api.w.org\/{rel}","templated":true}]}}