{"id":95893,"date":"2018-04-09T18:41:48","date_gmt":"2018-04-09T21:41:48","guid":{"rendered":"http:\/\/diarioregionaljf.com.br\/2018\/04\/09\/ascomcer-participa-de-campanha-para-alertar-sobre-direitos-de-pacientes-com-cancer\/"},"modified":"2018-04-09T18:41:48","modified_gmt":"2018-04-09T21:41:48","slug":"ascomcer-participa-de-campanha-para-alertar-sobre-direitos-de-pacientes-com-cancer","status":"publish","type":"post","link":"https:\/\/diarioregionaldigital.com.br\/?p=95893","title":{"rendered":"ASCOMCER participa de campanha para alertar sobre direitos de pacientes com c\u00e2ncer"},"content":{"rendered":"<p>A Associa\u00e7\u00e3o Feminina de Preven\u00e7\u00e3o e Combate ao C\u00e2ncer de Juiz de Fora (ASCOMCER) adere a partir desta ter\u00e7a-feira, 10, a uma campanha de n\u00edvel nacional que busca alertar e informar pacientes diagnosticados com c\u00e2ncer a respeito dos direitos garantidos por lei a eles.<\/p>\n<p>A campanha &#8220;Preciso Viver&#8221; ser\u00e1 lan\u00e7ada pela Rede Feminina Nacional de Combate ao C\u00e2ncer (RFNCC) juntamente com todas as 22 Redes Estaduais do pa\u00eds. Ela acontecer\u00e1 pela primeira vez este ano e em cada edi\u00e7\u00e3o apresentar\u00e1 uma tem\u00e1tica. Assim como esta, as pr\u00f3ximas edi\u00e7\u00f5es ser\u00e3o realizadas sempre na primeira quinzena do m\u00eas de abril em alus\u00e3o ao dia 8 do m\u00eas, institu\u00eddo como Dia Mundial de Combate ao C\u00e2ncer. A ASCOMCER \u00e9 a \u00fanica institui\u00e7\u00e3o do estado de Minas Gerais que faz parte da Rede Feminina Nacional de Combate ao C\u00e2ncer.<\/p>\n<p>De acordo com a presidente da Ascomcer, Alessandra Sampaio, cada institui\u00e7\u00e3o participante ter\u00e1 uma forma de atua\u00e7\u00e3o diferente. \u201cAlgumas redes fizeram camisas, outras panfletos, isso dependendo da situa\u00e7\u00e3o de cada uma delas. N\u00f3s optamos por realizar entrevistas (para imprensa) e divulga\u00e7\u00e3o da campanha nas redes sociais\u201d explicou.<br \/>O objetivo principal da campanha \u00e9 sensibilizar as autoridades municipais e estaduais para garantir a aplicabilidade e efic\u00e1cia da Lei 3752\/12, que estabelece prazo m\u00e1ximo de 30 dias para que as unidades do Sistema \u00danico de Sa\u00fade (SUS) realizem exames diagn\u00f3sticos e executem procedimentos necess\u00e1rios \u00e0 sa\u00fade dos pacientes.<\/p>\n<p>Nesta ter\u00e7a-feira, volunt\u00e1rios e pacientes de diversas institui\u00e7\u00f5es da Rede Nacional realizar\u00e3o uma paralisa\u00e7\u00e3o em cada Estado. Alessandra, por\u00e9m explicou que a ASCOMCER estar\u00e1 funcionando normalmente. \u201cN\u00e3o teremos nenhuma paralisa\u00e7\u00e3o amanh\u00e3 e, pelo contr\u00e1rio, vamos atender as pessoas e pacientes da institui\u00e7\u00e3o normalmente\u201d refor\u00e7ou. Ela tamb\u00e9m destacou que o hospital conta com espa\u00e7os que podem auxiliar a popula\u00e7\u00e3o em d\u00favidas sobre o assunto. \u201cN\u00f3s temos aqui a nossa ouvidoria com psic\u00f3loga, assistente social e a pr\u00f3pria comunica\u00e7\u00e3o, que pode assessor as pessoas em d\u00favidas que elas tenham em rela\u00e7\u00e3o aos direitos do paciente diagnosticado com c\u00e2ncer. Tamb\u00e9m contamos com cartilhas que tratam do mesmo assunto\u201d.<\/p>\n<p>Entre exames, consultas, cirurgias, quimioterapias e radioterapias, a ASCOMCER atende uma m\u00e9dia de 6.000 pessoas por m\u00eas.<\/p>\n<p>Segundo a presidente da RFNCC, Carmen Campelo, a defasagem da tabela do Sistema \u00danico de Sa\u00fade (SUS) \u00e9 um dos fatores que comprometem o atendimento humanizado nos hospitais. &#8220;Existem procedimentos que n\u00e3o sofrem reajuste h\u00e1 alguns anos. Alguns deles s\u00e3o caros e os hospitais n\u00e3o recebem do Governo o valor necess\u00e1rio para arcar com as despesas. Isso causa um transtorno muito grande para os pacientes oncol\u00f3gicos que n\u00e3o usufruem de um atendimento de qualidade, diminuindo suas chances de cura e interferindo no gasto p\u00fablico com o c\u00e2ncer. Queremos chamar a aten\u00e7\u00e3o das autoridades sobre esses valores da tabela do SUS&#8221;, explicou a presidente.<\/p>\n<p>Ainda de acordo com a presidente, para que a Lei 12.732\/2012 e o PL 3752\/12 (quando aprovado), sejam eficazes \u00e9 necess\u00e1rio que as institui\u00e7\u00f5es possam ter condi\u00e7\u00f5es de atender e oferecer o tratamento adequado aos pacientes oncol\u00f3gicos no per\u00edodo estimado. Por\u00e9m, a falta de recursos do SUS compromete todo o processo. Segundo ela, a mobiliza\u00e7\u00e3o do dia 10 de abril tem como intuito sensibilizar as autoridades e chamar a aten\u00e7\u00e3o da popula\u00e7\u00e3o para a precariedade dos atendimentos.<\/p>\n<p>A presidente da ASCOMCER tamb\u00e9m refor\u00e7ou esse ponto. Segundo Alessandra, como todas as institui\u00e7\u00f5es filantr\u00f3picas, o hospital vem passando por dificuldades. Ela explicou que tais \u201cdificuldades n\u00e3o s\u00e3o por causa de falta de repasse do SUS. A quest\u00e3o \u00e9 que realmente a tabela n\u00e3o atende. O mesmo valor que receb\u00edamos em 2008 para um determinado tratamento \u00e9 o mesmo que recebemos hoje, sendo que tivemos v\u00e1rios aumentos nos pre\u00e7os dos medicamentos. O tratamento hoje \u00e9 completamente incompat\u00edvel com os valores repassados \u00e0 institui\u00e7\u00e3o. Por exemplo, a novalgina que compr\u00e1vamos em 2008 a dois reais, hoje eu compro a seis, entretanto, s\u00f3 recebo dois reais para compr\u00e1-la. Isso cria valores acumulativos de d\u00e9bitos\u201d.<\/p>\n<h4>&nbsp;<\/h4>\n<h4>COMO COLABORAR<\/h4>\n<p>A ASCOMCER \u00e9 uma entidade civil de car\u00e1ter filantr\u00f3pico e sem fins lucrativos, mantenedora do Hospital Maria Jos\u00e9 Baeta Reis.<\/p>\n<p>Mediante os constantes desafios e falta de verbas repassadas pelo governo, a entidade realiza, ao longo do ano, diversos eventos e campanhas que visam amenizar a falta de dinheiro para adequar pagamentos e valores da institui\u00e7\u00e3o.<br \/>Os interessados em contribuir com a Ascomcer o poder\u00e3o fazer participando destes eventos e campanhas, al\u00e9m do telemarketing e bazar da entidade.<\/p>\n<p>No pr\u00f3ximo s\u00e1bado, 14, por exemplo, acontece a 4\u00aa Feijoada Beneficente da Ascomcer no GranVictory Hotel, das 14h \u00e0s 20h. O valor arrecadado com o evento \u00e9 totalmente revertido ao hospital e aos atendimentos por ele ofertados. Os ingressos s\u00e3o individuais e j\u00e1 podem ser adquiridos diretamente no Hospital.<\/p>\n<h4>&nbsp;<\/h4>\n<h4>DIREITOS SOCIAIS DA PESSOA COM C\u00c2NCER<\/h4>\n<p>Existe uma s\u00e9rie de direitos assegurados para a pessoa diagnosticada com c\u00e2ncer. Os pacientes e familiares devem estar atentos a esses direitos a fim de cobrar das autoridades, prefeituras, estado, governo, para que tais direitos sejam cumpridos. O Inca (Instituto Nacional do C\u00e2ncer) apresenta em seu site<a href=\"http:\/\/www2.inca.gov.br\/wps\/wcm\/connect\/orientacoes\/site\/home\/direitos_sociais_cancer\"> uma lista com todos esses direitos<\/a>.<\/p>\n","protected":false},"excerpt":{"rendered":"<p>A Associa\u00e7\u00e3o Feminina de Preven\u00e7\u00e3o e Combate ao C\u00e2ncer de Juiz de Fora (ASCOMCER) adere a partir desta ter\u00e7a-feira, 10, a uma campanha de n\u00edvel nacional que busca alertar e informar pacientes diagnosticados com c\u00e2ncer a respeito dos direitos garantidos por lei a eles. A campanha &#8220;Preciso Viver&#8221; ser\u00e1 lan\u00e7ada pela Rede Feminina Nacional de [&hellip;]<\/p>\n","protected":false},"author":96,"featured_media":95892,"comment_status":"closed","ping_status":"closed","sticky":false,"template":"","format":"standard","meta":{"footnotes":""},"categories":[253],"tags":[],"class_list":["post-95893","post","type-post","status-publish","format-standard","has-post-thumbnail","hentry","category-cidade"],"_links":{"self":[{"href":"https:\/\/diarioregionaldigital.com.br\/index.php?rest_route=\/wp\/v2\/posts\/95893","targetHints":{"allow":["GET"]}}],"collection":[{"href":"https:\/\/diarioregionaldigital.com.br\/index.php?rest_route=\/wp\/v2\/posts"}],"about":[{"href":"https:\/\/diarioregionaldigital.com.br\/index.php?rest_route=\/wp\/v2\/types\/post"}],"author":[{"embeddable":true,"href":"https:\/\/diarioregionaldigital.com.br\/index.php?rest_route=\/wp\/v2\/users\/96"}],"replies":[{"embeddable":true,"href":"https:\/\/diarioregionaldigital.com.br\/index.php?rest_route=%2Fwp%2Fv2%2Fcomments&post=95893"}],"version-history":[{"count":0,"href":"https:\/\/diarioregionaldigital.com.br\/index.php?rest_route=\/wp\/v2\/posts\/95893\/revisions"}],"wp:featuredmedia":[{"embeddable":true,"href":"https:\/\/diarioregionaldigital.com.br\/index.php?rest_route=\/wp\/v2\/media\/95892"}],"wp:attachment":[{"href":"https:\/\/diarioregionaldigital.com.br\/index.php?rest_route=%2Fwp%2Fv2%2Fmedia&parent=95893"}],"wp:term":[{"taxonomy":"category","embeddable":true,"href":"https:\/\/diarioregionaldigital.com.br\/index.php?rest_route=%2Fwp%2Fv2%2Fcategories&post=95893"},{"taxonomy":"post_tag","embeddable":true,"href":"https:\/\/diarioregionaldigital.com.br\/index.php?rest_route=%2Fwp%2Fv2%2Ftags&post=95893"}],"curies":[{"name":"wp","href":"https:\/\/api.w.org\/{rel}","templated":true}]}}