{"id":95891,"date":"2018-04-09T18:40:55","date_gmt":"2018-04-09T21:40:55","guid":{"rendered":"http:\/\/diarioregionaljf.com.br\/2018\/04\/09\/joaquim-barbosa-se-filia-ao-psb\/"},"modified":"2018-04-09T18:40:55","modified_gmt":"2018-04-09T21:40:55","slug":"joaquim-barbosa-se-filia-ao-psb","status":"publish","type":"post","link":"https:\/\/diarioregionaldigital.com.br\/?p=95891","title":{"rendered":"Joaquim Barbosa se filia ao PSB"},"content":{"rendered":"<p>O ex-presidente do Supremo Tribunal Federal (STF) Joaquim Barbosa assinou ficha de filia\u00e7\u00e3o ao PSB na noite dessa sexta-feira, 6, em S\u00e3o Paulo.<\/p>\n<p>O presidente Carlos Siqueira saudou a filia\u00e7\u00e3o do ministro. \u201cJoaquim Barbosa \u00e9 um homem p\u00fablico honrado, de trajet\u00f3ria admir\u00e1vel, que vem refor\u00e7ar e qualificar os quadros do partido. \u00c9 uma satisfa\u00e7\u00e3o contar com o ministro no PSB neste momento t\u00e3o desafiador do nosso pa\u00eds\u201d, afirmou.<\/p>\n<p>Siqueira tamb\u00e9m ressaltou a atua\u00e7\u00e3o de Barbosa \u00e0 frente da Suprema Corte. \u201cEle deixou sua marca pessoal de firmeza e independ\u00eancia, e, ao colocar em discuss\u00e3o na corte pautas progressistas contribuiu para um significativo avan\u00e7o civilizat\u00f3rio da sociedade brasileira\u201d, disse.<\/p>\n<h4>&nbsp;<\/h4>\n<h4>TRAJET\u00d3RIA<\/h4>\n<p>Ministro do STF de 2003 a 2014, Barbosa foi presidente da corte entre 2012 e 2014 e desempenhou papel de destaque no julgamento da A\u00e7\u00e3o Penal 470, conhecida como Esc\u00e2dalo do Mensal\u00e3o.<\/p>\n<p>Doutor e mestre pela Universidade de Paris-II Panth\u00e9on-Assas, o ex-ministro \u00e9 professor licenciado da Universidade do Estado do Rio de Janeiro.<\/p>\n<p>Em sua longa carreira p\u00fablica, antes de chegar ao Supremo, atuou quase 20 anos como procurador do Minist\u00e9rio P\u00fablico Federal.<\/p>\n<p>Natural de Paracatu, Barbosa mudou-se para Bras\u00edlia nos anos de 1970, concluiu os estudos secund\u00e1rios e ingressou no curso de Direito da Universidade de Bras\u00edlia (UnB).<\/p>\n<p>Fonte: Assessoria<\/p>\n","protected":false},"excerpt":{"rendered":"<p>O ex-presidente do Supremo Tribunal Federal (STF) Joaquim Barbosa assinou ficha de filia\u00e7\u00e3o ao PSB na noite dessa sexta-feira, 6, em S\u00e3o Paulo. O presidente Carlos Siqueira saudou a filia\u00e7\u00e3o do ministro. \u201cJoaquim Barbosa \u00e9 um homem p\u00fablico honrado, de trajet\u00f3ria admir\u00e1vel, que vem refor\u00e7ar e qualificar os quadros do partido. \u00c9 uma satisfa\u00e7\u00e3o contar [&hellip;]<\/p>\n","protected":false},"author":96,"featured_media":95890,"comment_status":"closed","ping_status":"closed","sticky":false,"template":"","format":"standard","meta":{"footnotes":""},"categories":[254],"tags":[],"class_list":["post-95891","post","type-post","status-publish","format-standard","has-post-thumbnail","hentry","category-politica"],"_links":{"self":[{"href":"https:\/\/diarioregionaldigital.com.br\/index.php?rest_route=\/wp\/v2\/posts\/95891","targetHints":{"allow":["GET"]}}],"collection":[{"href":"https:\/\/diarioregionaldigital.com.br\/index.php?rest_route=\/wp\/v2\/posts"}],"about":[{"href":"https:\/\/diarioregionaldigital.com.br\/index.php?rest_route=\/wp\/v2\/types\/post"}],"author":[{"embeddable":true,"href":"https:\/\/diarioregionaldigital.com.br\/index.php?rest_route=\/wp\/v2\/users\/96"}],"replies":[{"embeddable":true,"href":"https:\/\/diarioregionaldigital.com.br\/index.php?rest_route=%2Fwp%2Fv2%2Fcomments&post=95891"}],"version-history":[{"count":0,"href":"https:\/\/diarioregionaldigital.com.br\/index.php?rest_route=\/wp\/v2\/posts\/95891\/revisions"}],"wp:featuredmedia":[{"embeddable":true,"href":"https:\/\/diarioregionaldigital.com.br\/index.php?rest_route=\/wp\/v2\/media\/95890"}],"wp:attachment":[{"href":"https:\/\/diarioregionaldigital.com.br\/index.php?rest_route=%2Fwp%2Fv2%2Fmedia&parent=95891"}],"wp:term":[{"taxonomy":"category","embeddable":true,"href":"https:\/\/diarioregionaldigital.com.br\/index.php?rest_route=%2Fwp%2Fv2%2Fcategories&post=95891"},{"taxonomy":"post_tag","embeddable":true,"href":"https:\/\/diarioregionaldigital.com.br\/index.php?rest_route=%2Fwp%2Fv2%2Ftags&post=95891"}],"curies":[{"name":"wp","href":"https:\/\/api.w.org\/{rel}","templated":true}]}}