{"id":95889,"date":"2018-04-09T14:07:11","date_gmt":"2018-04-09T17:07:11","guid":{"rendered":"http:\/\/diarioregionaljf.com.br\/2018\/04\/09\/presenca-de-lula-na-superintendencia-da-pf-em-curitiba-altera-rotina-da-regiao\/"},"modified":"2018-04-09T14:07:11","modified_gmt":"2018-04-09T17:07:11","slug":"presenca-de-lula-na-superintendencia-da-pf-em-curitiba-altera-rotina-da-regiao","status":"publish","type":"post","link":"https:\/\/diarioregionaldigital.com.br\/?p=95889","title":{"rendered":"Presen\u00e7a de Lula na Superintend\u00eancia da PF em Curitiba altera rotina da regi\u00e3o"},"content":{"rendered":"<p>A presen\u00e7a do ex-presidente Luiz In\u00e1cio Lula da Silva na Superintend\u00eancia da Pol\u00edcia Federal em Curitiba alterou a rotina da regi\u00e3o. Manifestantes favor\u00e1veis ao ex-presidente acampam no local e informam que v\u00e3o continuar no espa\u00e7o enquanto Lula estiver preso. Cerca de 1,5 mil pessoas devem se reunir no espa\u00e7o. Devido \u00e0 ordem judicial, o acampamento est\u00e1 a uma dist\u00e2ncia de 500 metros da Superintend\u00eancia, atr\u00e1s do bloqueio da Pol\u00edcia Militar. Com as ruas fechadas, a rotina dos moradores da regi\u00e3o foi afetada.<\/p>\n<p>Um morador que n\u00e3o quis se identificar informou que agora tem que deixar no carro um comprovante de resid\u00eancia para passar pelo bloqueio. \u201cEstou andando com uma conta de luz no carro. Tive que sair ontem para cuidar da minha m\u00e3e que \u00e9 idosa e tive dificuldades para voltar\u201d, disse. O morador ainda criticou o planejamento das for\u00e7as de seguran\u00e7a. \u201cNo dia em que o Lula veio prestar depoimento, eles isolaram a \u00e1rea, fizeram bloqueio, cadastraram os moradores e deu tudo certo. Agora que era a pris\u00e3o do ex-presidente, um evento muito mais complicado, a PM n\u00e3o fez nada disso. N\u00e3o entendemos o porqu\u00ea. Acho que deveria ter tido um cuidado similar\u201d, completou.<\/p>\n<p>Na \u00faltima sexta-feira, 7, o comandante do 20\u00b0 Batalh\u00e3o da Pol\u00edcia Militar, tenente-coronel M\u00e1rio Henrique do Carmo avaliou como positiva a a\u00e7\u00e3o policial e descartou falta de planejamento. Afirmou que a corpora\u00e7\u00e3o se preparou para o evento e agiu de forma correta para evitar conflitos entre os manifestantes contr\u00e1rios e favor\u00e1veis ao ex-presidente.<\/p>\n<p>Os manifestantes favor\u00e1veis ao ex-presidente come\u00e7am a montar um acampamento, chamado Lula Livre, pr\u00f3ximo ao pr\u00e9dio da carceragem da PF. Segundo Roberto Baggio, da Frente Brasil Popular, os grupos est\u00e3o se organizando e haver\u00e1 cozinha improvisada, equipes volunt\u00e1rias de sa\u00fade, \u00f4nibus de apoio, colch\u00f5es e barracas. Sobre poss\u00edveis conflitos, Baggio afirma que o objetivo \u00e9 protestar de maneira pac\u00edfica. \u201cNossa orienta\u00e7\u00e3o \u00e9 de que nosso pessoal n\u00e3o aceite provoca\u00e7\u00f5es. Eles [manifestantes favor\u00e1veis \u00e0 pris\u00e3o] ficam jogando cerveja, fazendo piadas, n\u00e3o vamos revidar.\u201d<\/p>\n<p>Foto: Ag\u00eancia Brasil<\/p>\n","protected":false},"excerpt":{"rendered":"<p>A presen\u00e7a do ex-presidente Luiz In\u00e1cio Lula da Silva na Superintend\u00eancia da Pol\u00edcia Federal em Curitiba alterou a rotina da regi\u00e3o. Manifestantes favor\u00e1veis ao ex-presidente acampam no local e informam que v\u00e3o continuar no espa\u00e7o enquanto Lula estiver preso. Cerca de 1,5 mil pessoas devem se reunir no espa\u00e7o. Devido \u00e0 ordem judicial, o acampamento [&hellip;]<\/p>\n","protected":false},"author":96,"featured_media":95888,"comment_status":"closed","ping_status":"closed","sticky":false,"template":"","format":"standard","meta":{"footnotes":""},"categories":[254],"tags":[],"class_list":["post-95889","post","type-post","status-publish","format-standard","has-post-thumbnail","hentry","category-politica"],"_links":{"self":[{"href":"https:\/\/diarioregionaldigital.com.br\/index.php?rest_route=\/wp\/v2\/posts\/95889","targetHints":{"allow":["GET"]}}],"collection":[{"href":"https:\/\/diarioregionaldigital.com.br\/index.php?rest_route=\/wp\/v2\/posts"}],"about":[{"href":"https:\/\/diarioregionaldigital.com.br\/index.php?rest_route=\/wp\/v2\/types\/post"}],"author":[{"embeddable":true,"href":"https:\/\/diarioregionaldigital.com.br\/index.php?rest_route=\/wp\/v2\/users\/96"}],"replies":[{"embeddable":true,"href":"https:\/\/diarioregionaldigital.com.br\/index.php?rest_route=%2Fwp%2Fv2%2Fcomments&post=95889"}],"version-history":[{"count":0,"href":"https:\/\/diarioregionaldigital.com.br\/index.php?rest_route=\/wp\/v2\/posts\/95889\/revisions"}],"wp:featuredmedia":[{"embeddable":true,"href":"https:\/\/diarioregionaldigital.com.br\/index.php?rest_route=\/wp\/v2\/media\/95888"}],"wp:attachment":[{"href":"https:\/\/diarioregionaldigital.com.br\/index.php?rest_route=%2Fwp%2Fv2%2Fmedia&parent=95889"}],"wp:term":[{"taxonomy":"category","embeddable":true,"href":"https:\/\/diarioregionaldigital.com.br\/index.php?rest_route=%2Fwp%2Fv2%2Fcategories&post=95889"},{"taxonomy":"post_tag","embeddable":true,"href":"https:\/\/diarioregionaldigital.com.br\/index.php?rest_route=%2Fwp%2Fv2%2Ftags&post=95889"}],"curies":[{"name":"wp","href":"https:\/\/api.w.org\/{rel}","templated":true}]}}