{"id":95885,"date":"2018-04-09T13:53:08","date_gmt":"2018-04-09T16:53:08","guid":{"rendered":"http:\/\/diarioregionaljf.com.br\/2018\/04\/09\/conselho-de-seguranca-da-onu-deve-discutir-hoje-ataque-quimico-na-siria\/"},"modified":"2018-04-09T13:53:08","modified_gmt":"2018-04-09T16:53:08","slug":"conselho-de-seguranca-da-onu-deve-discutir-hoje-ataque-quimico-na-siria","status":"publish","type":"post","link":"https:\/\/diarioregionaldigital.com.br\/?p=95885","title":{"rendered":"Conselho de Seguran\u00e7a da ONU deve discutir hoje ataque qu\u00edmico na S\u00edria"},"content":{"rendered":"<p>O Conselho de Seguran\u00e7a da Organiza\u00e7\u00e3o das Na\u00e7\u00f5es Unidas (ONU) deve se reunir nesta segunda-feira, 9, \u00e0 tarde para discutir o suposto ataque feito com armas qu\u00edmicas na S\u00edria. A informa\u00e7\u00e3o foi divulgada pela imprensa norte-americana nesse domingo, mas uma mensagem no Twitter da miss\u00e3o brit\u00e2nica confirmou que um encontro extraordin\u00e1rio ser\u00e1 realizado hoje, em Nova York.<\/p>\n<p>A reuni\u00e3o foi solicitada pelos Estados Unidos, a Fran\u00e7a, o Reino Unido, a Pol\u00f4nia, Holanda, Su\u00e9cia, o Kwait, Peru e a Costa do Marfim. A R\u00fassia &#8211; um dos aliados do regime de Bashar Al Assad, tamb\u00e9m concorda com a realiza\u00e7\u00e3o de um encontro hoje, para tratar das &#8220;amea\u00e7as internacionais \u00e0 paz e seguran\u00e7a&#8221;.<\/p>\n<p>Um ataque qu\u00edmico, ainda n\u00e3o confirmado, na cidade s\u00edria de Duma, em Ghouta Oriental, teria deixado 42 mortos e ferido 500 pessoas no \u00faltimo s\u00e1bado (7), segundo levantamento de organiza\u00e7\u00f5es humanit\u00e1rias que atuam na regi\u00e3o e da pr\u00f3pria Defesa Civil s\u00edria.<\/p>\n<p>O secret\u00e1rio-geral da ONU, Ant\u00f3nio Guterres, j\u00e1 havia manifestado nesse domingo (8) preocupa\u00e7\u00e3o com a situa\u00e7\u00e3o dos civis ap\u00f3s o ataque, em comunicado em que disse estar &#8220;particularmente alarmado&#8221;.<\/p>\n<p>A R\u00fassia negou que tenham sido utlizadas armas qu\u00edmicas no ataque, mas a ONU pediu &#8220;exaustiva investiga\u00e7\u00e3o&#8221;, uma vez que os relatos da ajuda huminit\u00e1ria e de v\u00edtimas confirmam caracter\u00edsticas de uso de armas qu\u00edmicas no epis\u00f3dio de s\u00e1bado.<\/p>\n<p>O governo russo afirmou que as den\u00fancias sobre um suposto ataque qu\u00edmico seriam &#8220;pretexto&#8221; para justificar uma interven\u00e7\u00e3o militar na S\u00edria. No Twitter, Donald Trump havia responsabilIzado o presidente Russo, Vladmir Putin, e o Ir\u00e3 por apoiar o governo de Bashar Al Assad.<\/p>\n<p>&#8220;Muitos mortos, incluindo mulheres e crian\u00e7as, em um ataque qu\u00edmico sem sentido na S\u00edria. A \u00e1rea de atrocidades est\u00e1 bloqueada e cercada pelo Ex\u00e9rcito s\u00edrio, por isso \u00e9 completamente inacess\u00edvel para o mundo exterior. O presidente Putin, a R\u00fassia e o Ir\u00e3 s\u00e3o respons\u00e1veis por apoiarem o animal Assad&#8221;, escreveu Trump no microblog.<\/p>\n<p>Fonte: Ag\u00eancia Brasil<\/p>\n","protected":false},"excerpt":{"rendered":"<p>O Conselho de Seguran\u00e7a da Organiza\u00e7\u00e3o das Na\u00e7\u00f5es Unidas (ONU) deve se reunir nesta segunda-feira, 9, \u00e0 tarde para discutir o suposto ataque feito com armas qu\u00edmicas na S\u00edria. A informa\u00e7\u00e3o foi divulgada pela imprensa norte-americana nesse domingo, mas uma mensagem no Twitter da miss\u00e3o brit\u00e2nica confirmou que um encontro extraordin\u00e1rio ser\u00e1 realizado hoje, em [&hellip;]<\/p>\n","protected":false},"author":96,"featured_media":95884,"comment_status":"closed","ping_status":"closed","sticky":false,"template":"","format":"standard","meta":{"footnotes":""},"categories":[302],"tags":[],"class_list":["post-95885","post","type-post","status-publish","format-standard","has-post-thumbnail","hentry","category-brasil-mundo"],"_links":{"self":[{"href":"https:\/\/diarioregionaldigital.com.br\/index.php?rest_route=\/wp\/v2\/posts\/95885","targetHints":{"allow":["GET"]}}],"collection":[{"href":"https:\/\/diarioregionaldigital.com.br\/index.php?rest_route=\/wp\/v2\/posts"}],"about":[{"href":"https:\/\/diarioregionaldigital.com.br\/index.php?rest_route=\/wp\/v2\/types\/post"}],"author":[{"embeddable":true,"href":"https:\/\/diarioregionaldigital.com.br\/index.php?rest_route=\/wp\/v2\/users\/96"}],"replies":[{"embeddable":true,"href":"https:\/\/diarioregionaldigital.com.br\/index.php?rest_route=%2Fwp%2Fv2%2Fcomments&post=95885"}],"version-history":[{"count":0,"href":"https:\/\/diarioregionaldigital.com.br\/index.php?rest_route=\/wp\/v2\/posts\/95885\/revisions"}],"wp:featuredmedia":[{"embeddable":true,"href":"https:\/\/diarioregionaldigital.com.br\/index.php?rest_route=\/wp\/v2\/media\/95884"}],"wp:attachment":[{"href":"https:\/\/diarioregionaldigital.com.br\/index.php?rest_route=%2Fwp%2Fv2%2Fmedia&parent=95885"}],"wp:term":[{"taxonomy":"category","embeddable":true,"href":"https:\/\/diarioregionaldigital.com.br\/index.php?rest_route=%2Fwp%2Fv2%2Fcategories&post=95885"},{"taxonomy":"post_tag","embeddable":true,"href":"https:\/\/diarioregionaldigital.com.br\/index.php?rest_route=%2Fwp%2Fv2%2Ftags&post=95885"}],"curies":[{"name":"wp","href":"https:\/\/api.w.org\/{rel}","templated":true}]}}