{"id":95857,"date":"2018-04-09T03:53:51","date_gmt":"2018-04-09T06:53:51","guid":{"rendered":"http:\/\/diarioregionaljf.com.br\/2018\/04\/09\/cruzeiro-se-aproxima-de-finalizar-contratacao-de-patrick-brey-e-renato-kayser-os-novos-reforcos-celeste\/"},"modified":"2018-04-09T03:53:51","modified_gmt":"2018-04-09T06:53:51","slug":"cruzeiro-se-aproxima-de-finalizar-contratacao-de-patrick-brey-e-renato-kayser-os-novos-reforcos-celeste","status":"publish","type":"post","link":"https:\/\/diarioregionaldigital.com.br\/?p=95857","title":{"rendered":"Cruzeiro se aproxima de finalizar contrata\u00e7\u00e3o de Patrick Brey e Renato Kayser,  os novos refor\u00e7os Celeste"},"content":{"rendered":"<p>O Cruzeiro est\u00e1 perto de anunciar oficialmente as contrata\u00e7\u00f5es de Patrick Brey e Renato Kayser, destaques do Tupi no Campeonato Mineiro. Pe\u00e7as importantes na evolu\u00e7\u00e3o do Galo Carij\u00f3 durante a competi\u00e7\u00e3o, os jogadores foram muito elogiados pelo t\u00e9cnico Ricardo Le\u00e3o.<\/p>\n<p>Agora, s\u00f3 faltam os detalhes burocr\u00e1ticos de contrato para que os dois sejam anunciados. Kayser tamb\u00e9m precisa ter a rescis\u00e3o de contrato com o Vasco publicada para que ele assine contrato. O clube carioca vai ficar ainda com um percentual do jogador em uma futura negocia\u00e7\u00e3o.<\/p>\n<p>Renato Kayser e Patrick Brey estiveram na Toca da Raposa II nessa sexta-feira para realizar exames. O meia-atacante e o lateral-esquerdo devem assinar contrato de cinco anos.<\/p>\n<p><strong>&nbsp;<\/strong><\/p>\n","protected":false},"excerpt":{"rendered":"<p>O Cruzeiro est\u00e1 perto de anunciar oficialmente as contrata\u00e7\u00f5es de Patrick Brey e Renato Kayser, destaques do Tupi no Campeonato Mineiro. Pe\u00e7as importantes na evolu\u00e7\u00e3o do Galo Carij\u00f3 durante a competi\u00e7\u00e3o, os jogadores foram muito elogiados pelo t\u00e9cnico Ricardo Le\u00e3o. Agora, s\u00f3 faltam os detalhes burocr\u00e1ticos de contrato para que os dois sejam anunciados. Kayser [&hellip;]<\/p>\n","protected":false},"author":96,"featured_media":95856,"comment_status":"closed","ping_status":"closed","sticky":false,"template":"","format":"standard","meta":{"footnotes":""},"categories":[257],"tags":[],"class_list":["post-95857","post","type-post","status-publish","format-standard","has-post-thumbnail","hentry","category-esporte"],"_links":{"self":[{"href":"https:\/\/diarioregionaldigital.com.br\/index.php?rest_route=\/wp\/v2\/posts\/95857","targetHints":{"allow":["GET"]}}],"collection":[{"href":"https:\/\/diarioregionaldigital.com.br\/index.php?rest_route=\/wp\/v2\/posts"}],"about":[{"href":"https:\/\/diarioregionaldigital.com.br\/index.php?rest_route=\/wp\/v2\/types\/post"}],"author":[{"embeddable":true,"href":"https:\/\/diarioregionaldigital.com.br\/index.php?rest_route=\/wp\/v2\/users\/96"}],"replies":[{"embeddable":true,"href":"https:\/\/diarioregionaldigital.com.br\/index.php?rest_route=%2Fwp%2Fv2%2Fcomments&post=95857"}],"version-history":[{"count":0,"href":"https:\/\/diarioregionaldigital.com.br\/index.php?rest_route=\/wp\/v2\/posts\/95857\/revisions"}],"wp:featuredmedia":[{"embeddable":true,"href":"https:\/\/diarioregionaldigital.com.br\/index.php?rest_route=\/wp\/v2\/media\/95856"}],"wp:attachment":[{"href":"https:\/\/diarioregionaldigital.com.br\/index.php?rest_route=%2Fwp%2Fv2%2Fmedia&parent=95857"}],"wp:term":[{"taxonomy":"category","embeddable":true,"href":"https:\/\/diarioregionaldigital.com.br\/index.php?rest_route=%2Fwp%2Fv2%2Fcategories&post=95857"},{"taxonomy":"post_tag","embeddable":true,"href":"https:\/\/diarioregionaldigital.com.br\/index.php?rest_route=%2Fwp%2Fv2%2Ftags&post=95857"}],"curies":[{"name":"wp","href":"https:\/\/api.w.org\/{rel}","templated":true}]}}