{"id":95853,"date":"2018-04-08T14:20:23","date_gmt":"2018-04-08T17:20:23","guid":{"rendered":"http:\/\/diarioregionaljf.com.br\/2018\/04\/08\/mudancas-nas-cadeiras-do-municipio-geram-novo-panorama-politico\/"},"modified":"2018-04-08T14:20:23","modified_gmt":"2018-04-08T17:20:23","slug":"mudancas-nas-cadeiras-do-municipio-geram-novo-panorama-politico","status":"publish","type":"post","link":"https:\/\/diarioregionaldigital.com.br\/?p=95853","title":{"rendered":"Mudan\u00e7as nas cadeiras do munic\u00edpio geram novo panorama pol\u00edtico"},"content":{"rendered":"<p>Ap\u00f3s se reunir com sua equipe de governo e anunciar a ren\u00fancia \u00e0 Prefeitura Municipal de Juiz de Fora, Bruno Siqueira (MDB) informou nessa \u00faltima sexta-feira, 6, a inten\u00e7\u00e3o de concorrer a uma vaga para Senador nas elei\u00e7\u00f5es que ocorrem nesse ano. A informa\u00e7\u00e3o foi confirmada atrav\u00e9s de uma coletiva de imprensa na sede municipal do Partido Movimento Democr\u00e1tico Brasileiro (MDB), no bairro Po\u00e7o Rico.<\/p>\n<p>A lei eleitoral prev\u00ea um prazo limite para que pol\u00edticos que ocupam algum cargo e queiram concorrer durante uma nova elei\u00e7\u00e3o, afastem-se de suas fun\u00e7\u00f5es para tal. Neste ano, esse processo, que \u00e9 conhecido como desincompatibiliza\u00e7\u00e3o teve como prazo limite o \u00faltimo s\u00e1bado, 7.<\/p>\n<p>Bruno Siqueira agora parte para pr\u00e9-campanhas internas dentro do partido MDB a fim de lutar por uma vaga para concorrer ao cargo no Senado. Assembl\u00e9ias do partido est\u00e3o marcadas para os pr\u00f3ximos meses. \u201cVamos lutar dentro do partido pela vaga e caso consigamos, vamos trabalhar e mostrar todos os nossos projetos para popula\u00e7\u00e3o de Minas Gerais, para que ela decida quem ir\u00e1 representar o povo mineiro no Senado. Comuniquei ao presidente estadual do partido Ant\u00f4nio Andrade que tem toda ci\u00eancia desse projeto para que possamos batalhar e lutar para poder fazer com que Minas tenha nos pr\u00f3ximos anos uma representatividade maior no Senado Federal&#8221; enfatizou.<\/p>\n<p>Na mesma manh\u00e3 em que anunciou a inten\u00e7\u00e3o de concorrer ao Senado, Bruno Siqueira entregou a carta de ren\u00fancia em uma cerim\u00f4nia no Teatro Paschoal Carlos Magno. Na tarde da sexta-feira, 6, na C\u00e2mara Municipal, o at\u00e9 ent\u00e3o vice-prefeito, Ant\u00f4nio Almas (PSDB) foi empossado como novo Prefeito de Juiz de Fora. A partir desta data ele assume o poder executivo da cidade e segue no mandato at\u00e9 dia 31 de dezembro de 2020.<\/p>\n<p>O ex-presidente Itamar Franco foi relembrado e enaltecido por Bruno durante a coletiva por ter sido um grande pol\u00edtico para o estado de Minas Gerais e para o pa\u00eds. &#8220;Nesse momento em que tomei essa decis\u00e3o \u00e9 evidente relembrar do hist\u00f3rico de uma pessoa que sempre admirei muito, uma pessoa que me levou para a pol\u00edtica, que foi Itamar Franco&#8221; disse emocionado. &#8220;Em 1974 ele saiu da prefeitura de Juiz de Fora exatamente no mesmo per\u00edodo que estou agora, com cinco anos e alguns meses de mandato, para poder disputar uma cadeira no Senado e honrar nosso estado&#8221;.<\/p>\n<h4>PR\u00d3XIMOS DESAFIOS<\/h4>\n<p>Em rela\u00e7\u00e3o aos pr\u00f3ximos desafios ap\u00f3s deixar a PJF, Bruno foi otimista e refor\u00e7ou ter experi\u00eancia suficiente para tal. \u201c\u00c9 algo natural e democr\u00e1tico lutar por uma vaga dentro do partido para disputar o Senado, como farei nesse ano. Existe uma pr\u00e9-campanha onde se debate e discute a viabilidade dentro do partido para a candidatura. Caso consiga essa vaga, o pr\u00f3ximo desafio ser\u00e1 mostrar nossos projetos para a popula\u00e7\u00e3o de Minas Gerais\u201d.<\/p>\n<p>A confian\u00e7a em pleitear a vaga venha talvez dos n\u00fameros referentes a avalia\u00e7\u00e3o final de seu governo no final de 2016 e que ele fez quest\u00e3o de destacar durante seu discurso. Bruno ainda n\u00e3o definiu nenhuma outra op\u00e7\u00e3o, caso n\u00e3o consiga alcan\u00e7ar a vaga para concorrer ao Senado dentro do partido. Ele refor\u00e7ou, por\u00e9m, que \u201cest\u00e1 focado na candidatura ao Senado. N\u00f3s vamos mostrara para popula\u00e7\u00e3o mineira, o conceito da efici\u00eancia e transpar\u00eancia fundamental nos dias de hoje\u201d.<\/p>\n<h4>AUTOAVALIA\u00c7\u00c3O<\/h4>\n<p>Bruno Siqueira fez uma retrospectiva do processo para chegar a ser candidato para prefeitura. \u201cDesde 2012 iniciamos um projeto de governo para cidade de Juiz de Fora. Quando come\u00e7amos a caminhada dentro do ent\u00e3o PMDB, t\u00ednhamos grande dificuldade dentro do partido para viabilizarmos uma candidatura dentro da cidade. \u201cMuitos achavam que n\u00e3o \u00edamos viabilizar em fun\u00e7\u00e3o de um partido que era comandado por um grupo do nosso ex-prefeito que eu respeito muito, Tarcisio Delgado, entretanto, mesmo com aquelas dificuldades, vencemos uma conven\u00e7\u00e3o democraticamente e viabilizamos uma candidatura\u201d relembrou Siqueira.<\/p>\n<p>Ele destacou que a candidatura come\u00e7ou com baixo percentual de inten\u00e7\u00e3o de voto, mas que com o tempo cresceu, conseguiu alcan\u00e7ar o segundo turno e posteriormente vencer a elei\u00e7\u00e3o.<\/p>\n<p>O ex-prefeito fez uma avalia\u00e7\u00e3o do tempo que atuou \u00e0 frente da Prefeitura de Juiz de Fora, destacando as obras realizadas durante a sua gest\u00e3o. \u201cN\u00f3s conseguimos realizar grandes obras, grandes projetos, grandes melhorias. N\u00f3s temos um projeto de governo, n\u00e3o um projeto de poder\u201d.<\/p>\n<p>Em sua fala destacou as principais obras e projetos realizados durante os cinco anos e quatro meses que ficou \u00e0 frente do executivo municipal. Pontuou como principais, a constru\u00e7\u00e3o de seis creches; duas escolas; diversas encostas; 100 resid\u00eancias para fam\u00edlias em situa\u00e7\u00e3o de risco; reformas da unidade b\u00e1sica da sa\u00fade e constru\u00e7\u00e3o de duas novas; escolas reformadas; constru\u00e7\u00e3o da Pra\u00e7a C\u00e9u; reformas no est\u00e1dio municipal; obras no pr\u00e9dio de vigil\u00e2ncia e sa\u00fade; reforma do canil; constru\u00e7\u00e3o do gatil; castram\u00f3vel; cria\u00e7\u00e3o do parc\u00e3o; reabertura parcial do Museu Mariano Proc\u00f3pio; inaugura\u00e7\u00e3o do Teatro Paschoal Carlos Magno; obras de abastecimento de \u00e1gua; esta\u00e7\u00e3o de tratamento de \u00e1gua; licita\u00e7\u00e3o de \u00f4nibus; melhorias nos servi\u00e7os de t\u00e1xis; instala\u00e7\u00e3o de wi-fi gratuito em espa\u00e7os p\u00fablicos; transpar\u00eancia em projetos e atos da prefeitura e manuten\u00e7\u00e3o dos sal\u00e1rios dos servidores municipais em dia.<\/p>\n<p>Uma autoavalia\u00e7\u00e3o do pr\u00f3prio partido tamb\u00e9m foi realizada por Bruno. &#8220;Eu saio da prefeitura para dentro do partido que era o PMDB e agora \u00e9 o MDB. O partido que trocou o nome, mas precisa trocar principalmente em n\u00edvel federal, sua filosofia e sua forma de agir. Os conceitos de \u00e9tica e transpar\u00eancia precisam estar presentes no MDB&#8221; concluiu.<\/p>\n<h4>CR\u00cdTICAS AO GOVERNO DILMA<\/h4>\n<p>Cr\u00edticas ao governo da ex-presidente Dilma Rousseff do Partido dos Trabalhadores (PT) tamb\u00e9m n\u00e3o faltaram durante a coletiva da \u00faltima sexta-feira. Bruno atribuiu \u00e0 ex-presidente muitos dos atuais problemas na economia e na pol\u00edtica, das cidades, estados e do pa\u00eds. &#8220;Na primeira gest\u00e3o eu e o vice S\u00e9rgio Rodrigues, juntamente com os servidores da prefeitura, enfrentamos um cen\u00e1rio de grande adversidade no pa\u00eds, ocasionado pelo desastre administrativo da ent\u00e3o presidente Dilma Rousseff. Ela foi respons\u00e1vel pelo caos nas cidades brasileiras, respons\u00e1vel pelo caos no estado de Minas Gerais, pela quebra da Petrobras e consequentemente o valor acentuado dos combust\u00edveis hoje&#8221; destacou.<\/p>\n<p>Dilma por sua vez poder\u00e1 concorrer a uma vaga para o Senado por Minas Gerais. Na sexta-feira, ela esteve em Belo Horizonte a fim de transferir seu t\u00edtulo de eleitor, entretanto, ainda n\u00e3o h\u00e1 confirma\u00e7\u00e3o oficial de sua candidatura.<\/p>\n<p>Questionado sobre poss\u00edveis coliga\u00e7\u00f5es entre MDB e o PT, Bruno relatou ficar assustado. &#8220;Eu fico surpreso quando a gente v\u00ea o PT criticando tanto o MDB e aqui em Minas tentar buscar essa alian\u00e7a, que por sua vez, precisa ser discutida e debatida internamente no partido. Me assusta essa coliga\u00e7\u00e3o. Mas refor\u00e7o que h\u00e1 hoje, publicamente, um consenso do MDB em buscar uma candidatura pr\u00f3pria, inclusive isso foi o determinado na \u00faltima reuni\u00e3o&#8221;.<\/p>\n<h4>AN\u00c1LISE DO GOVERNO TEMER<\/h4>\n<p>Depois de duras cr\u00edticas ao que chamou de &#8220;desgoverno&#8221; da petista, Bruno analisou o atual governo de Michel Temer, que tamb\u00e9m \u00e9 do MDB. &#8220;O governo de Michel Temer tem muitos problemas. A gente verifica que \u00e9 um governo que se iniciou com v\u00e1rios ministros que hoje n\u00e3o est\u00e3o mais (em seus cargos) devido a problemas \u00e9ticos. Entretanto, evidentemente que tivemos avan\u00e7os principalmente na \u00e1rea da economia, uma queda acentuada da infla\u00e7\u00e3o e retomada do crescimento&#8221;.<\/p>\n<p>De acordo com avalia\u00e7\u00e3o de Siqueira o trabalho de Temer vai proporcionar ao pr\u00f3ximo presidente da rep\u00fablica &#8220;uma situa\u00e7\u00e3o muito melhor do que o presidente herdou de Dilma, com uma infla\u00e7\u00e3o enorme, uma queda no PIB e uma crise pol\u00edtica imensa&#8221; finalizou.<\/p>\n<h4>PROJETOS COMO SENADOR<\/h4>\n<p>Tamb\u00e9m foram apresentados por Bruno algumas perspectivas e projetos caso venha ser eleito Senador. &#8220;Em Minas hoje temos atrasos no sal\u00e1rio de servidores e o n\u00e3o repasse de recursos para a Prefeitura, recursos esses muito importantes para sa\u00fade e educa\u00e7\u00e3o&#8221; exemplificou.<\/p>\n<p>Bruno citou principalmente o Imposto Sobre Circula\u00e7\u00e3o de Mercadorias e Servi\u00e7os (ICMS) e o Imposto sobre a Propriedade de Ve\u00edculos Automotores (IPVA) que s\u00e3o recolhidos e mais tarde repassados aos cofres p\u00fablicos munic\u00edpio. &#8220;Precisamos que os recursos cheguem \u00e0s cidades, muitas vezes eles ficam concentrados em Bras\u00edlia, nos estados, mas n\u00e3o chegam aos munic\u00edpios. Algumas pol\u00edticas definidas por Bras\u00edlia, impedindo que os recursos cheguem \u00e0s popula\u00e7\u00f5es. Esses desafios que vou buscar melhorar nas cidades mineiras. O ICMS no final do ano e o IPVA ainda n\u00e3o retornaram e consequentemente estamos tomando medidas judiciais para que possam chegar aos cofres da prefeitura.&#8221;<\/p>\n<h4>NOVO PREFEITO<\/h4>\n<p>O m\u00e9dico nefrologista Ant\u00f4nio Carlos Guedes Almas, do Partido da Social Democracia Brasileira (PSDB) tomou posse como novo prefeito de Juiz de Fora em sess\u00e3o solene que ocorreu na tarde da sexta-feira, 6, na C\u00e2mara Municipal de Vereadores. Ele \u00e9 o 23\u00ba prefeito da cidade.<\/p>\n<p>Ant\u00f4nio Almas, at\u00e9 ent\u00e3o vice-prefeito de Bruno Siqueira, agora \u00e9 o respons\u00e1vel pelo poder executivo da cidade e segue no mandato at\u00e9 dia 31 de dezembro de 2020. Ele tem 60 anos, foi vereador na cidade em dois mandatos, de 1993 a 1996 e de 1997 a 2000. O m\u00e9dico j\u00e1 se candidatou ao cargo de vice-prefeito em 2004, ao lado do ex-prefeito Cust\u00f3dio Mattos (PSDB), mas n\u00e3o foi eleito na \u00e9poca.<\/p>\n<p>Segundo Siqueira o trabalho do novo prefeito estar\u00e1 atrelado ao projeto inicial da chapa. &#8220;Nosso governo vai continuar trabalhando pela cidade junto com o grupo atual a fim de seguir com o projeto proposto&#8221;. Ele tamb\u00e9m destacou a figura de Ant\u00f4nio Almas colocando-o como &#8220;uma pessoa muito transparente, \u00e9tica, honesta, correta, um m\u00e9dico de grande credibilidade na cidade e por j\u00e1 ter sido vereador e vice-prefeito, tem toda capacidade para dar continuidade e liderar a prefeitura&#8221;.<\/p>\n<p>Quanto ao caixa que deixa para a pr\u00f3xima gest\u00e3o, Bruno refor\u00e7ou que acredita em decis\u00f5es favor\u00e1veis nos processos judiciais que buscam trazer os recursos do ICMS e IPVA para os cofres da cidade. De acordo com ele, a PJF tem aproximadamente 20 milh\u00f5es em recursos para receber.<\/p>\n","protected":false},"excerpt":{"rendered":"<p>Ap\u00f3s se reunir com sua equipe de governo e anunciar a ren\u00fancia \u00e0 Prefeitura Municipal de Juiz de Fora, Bruno Siqueira (MDB) informou nessa \u00faltima sexta-feira, 6, a inten\u00e7\u00e3o de concorrer a uma vaga para Senador nas elei\u00e7\u00f5es que ocorrem nesse ano. A informa\u00e7\u00e3o foi confirmada atrav\u00e9s de uma coletiva de imprensa na sede municipal [&hellip;]<\/p>\n","protected":false},"author":96,"featured_media":95852,"comment_status":"closed","ping_status":"closed","sticky":false,"template":"","format":"standard","meta":{"footnotes":""},"categories":[254],"tags":[],"class_list":["post-95853","post","type-post","status-publish","format-standard","has-post-thumbnail","hentry","category-politica"],"_links":{"self":[{"href":"https:\/\/diarioregionaldigital.com.br\/index.php?rest_route=\/wp\/v2\/posts\/95853","targetHints":{"allow":["GET"]}}],"collection":[{"href":"https:\/\/diarioregionaldigital.com.br\/index.php?rest_route=\/wp\/v2\/posts"}],"about":[{"href":"https:\/\/diarioregionaldigital.com.br\/index.php?rest_route=\/wp\/v2\/types\/post"}],"author":[{"embeddable":true,"href":"https:\/\/diarioregionaldigital.com.br\/index.php?rest_route=\/wp\/v2\/users\/96"}],"replies":[{"embeddable":true,"href":"https:\/\/diarioregionaldigital.com.br\/index.php?rest_route=%2Fwp%2Fv2%2Fcomments&post=95853"}],"version-history":[{"count":0,"href":"https:\/\/diarioregionaldigital.com.br\/index.php?rest_route=\/wp\/v2\/posts\/95853\/revisions"}],"wp:featuredmedia":[{"embeddable":true,"href":"https:\/\/diarioregionaldigital.com.br\/index.php?rest_route=\/wp\/v2\/media\/95852"}],"wp:attachment":[{"href":"https:\/\/diarioregionaldigital.com.br\/index.php?rest_route=%2Fwp%2Fv2%2Fmedia&parent=95853"}],"wp:term":[{"taxonomy":"category","embeddable":true,"href":"https:\/\/diarioregionaldigital.com.br\/index.php?rest_route=%2Fwp%2Fv2%2Fcategories&post=95853"},{"taxonomy":"post_tag","embeddable":true,"href":"https:\/\/diarioregionaldigital.com.br\/index.php?rest_route=%2Fwp%2Fv2%2Ftags&post=95853"}],"curies":[{"name":"wp","href":"https:\/\/api.w.org\/{rel}","templated":true}]}}