{"id":95851,"date":"2018-04-07T22:13:21","date_gmt":"2018-04-08T01:13:21","guid":{"rendered":"http:\/\/diarioregionaljf.com.br\/2018\/04\/07\/lula-deixa-sindicato-dos-metalurgicos-e-segue-para-o-aeroporto-de-congonhas\/"},"modified":"2018-04-07T22:13:21","modified_gmt":"2018-04-08T01:13:21","slug":"lula-deixa-sindicato-dos-metalurgicos-e-segue-para-o-aeroporto-de-congonhas","status":"publish","type":"post","link":"https:\/\/diarioregionaldigital.com.br\/?p=95851","title":{"rendered":"Lula deixa Sindicato dos Metal\u00fargicos e segue para o aeroporto de Congonhas"},"content":{"rendered":"<p>Pela segunda vez, s\u00f3 que a p\u00e9, o ex-presidente Luiz In\u00e1cio Lula da Silva tentou deixar a sede do Sindicato dos Metal\u00fargicos do ABC, em S\u00e3o Bernardo do Campo (SP). Novamente, uma multid\u00e3o de apoiadores tentou impedir que Lula deixasse o local. Por volta das 18h45, o ex-presidente conseguiu sair da sede do sindicato onde estava desde a \u00faltima quinta-feira, 5, e est\u00e1 se dirigindo ao aeroporto de Congonhas, mas antes pode passar pela Pol\u00edcia Federal para fazer exame de corpo de delito.<\/p>\n<p>Tecnicamente, o ex-presidente j\u00e1 est\u00e1 preso, por estar sob cust\u00f3dia da Pol\u00edcia Federal, cujos agentes foram busc\u00e1-lo na sede do sindicato, onde Lula se encontrava desde quinta-feira. De S\u00e3o Paulo, o ex-presidente deve seguir para Curitiba.<\/p>\n<p>Jo\u00e3o Paulo, da coordena\u00e7\u00e3o do Movimento dos Trabalhadores Sem Terra (MST), pediu que a milit\u00e2ncia n\u00e3o &#8220;entrasse em provoca\u00e7\u00e3o&#8221; e buscasse &#8220;manter a concentra\u00e7\u00e3o&#8221;. Referindo-se \u00e0 presen\u00e7a de agentes das for\u00e7as de seguran\u00e7a em meio \u00e0 multid\u00e3o, o representante do MST ressaltou: &#8220;N\u00f3s estamos em uma negocia\u00e7\u00e3o s\u00e9ria com a nossa milit\u00e2ncia, \u00e9 dif\u00edcil, mas n\u00f3s nao vamos topar qualquer tipo de repress\u00e3o contra o nosso povo&#8221;, afirmou. &#8220;Estamos em uma luta democr\u00e1tica&#8221;.<\/p>\n<p>Integrantes do PT se revezaram nos apelos \u00e0 multid\u00e3o para garantir a sa\u00edda de Lula do sindicato. Manifestantes gritavam palavras de ordem e frases de incentivo para o ex-presidente.<\/p>\n<p>Antes, a presidente nacional do PT, senadora Gleisi Hoffmann (PT-PR), afirmou que a Pol\u00edcia Federal havia concedido o tempo de 30 minutos para que o presidente se apresentasse.<\/p>\n<p>Fonte: Ag\u00eancia Brasil<\/p>\n","protected":false},"excerpt":{"rendered":"<p>Pela segunda vez, s\u00f3 que a p\u00e9, o ex-presidente Luiz In\u00e1cio Lula da Silva tentou deixar a sede do Sindicato dos Metal\u00fargicos do ABC, em S\u00e3o Bernardo do Campo (SP). Novamente, uma multid\u00e3o de apoiadores tentou impedir que Lula deixasse o local. Por volta das 18h45, o ex-presidente conseguiu sair da sede do sindicato onde [&hellip;]<\/p>\n","protected":false},"author":96,"featured_media":95850,"comment_status":"closed","ping_status":"closed","sticky":false,"template":"","format":"standard","meta":{"footnotes":""},"categories":[254],"tags":[],"class_list":["post-95851","post","type-post","status-publish","format-standard","has-post-thumbnail","hentry","category-politica"],"_links":{"self":[{"href":"https:\/\/diarioregionaldigital.com.br\/index.php?rest_route=\/wp\/v2\/posts\/95851","targetHints":{"allow":["GET"]}}],"collection":[{"href":"https:\/\/diarioregionaldigital.com.br\/index.php?rest_route=\/wp\/v2\/posts"}],"about":[{"href":"https:\/\/diarioregionaldigital.com.br\/index.php?rest_route=\/wp\/v2\/types\/post"}],"author":[{"embeddable":true,"href":"https:\/\/diarioregionaldigital.com.br\/index.php?rest_route=\/wp\/v2\/users\/96"}],"replies":[{"embeddable":true,"href":"https:\/\/diarioregionaldigital.com.br\/index.php?rest_route=%2Fwp%2Fv2%2Fcomments&post=95851"}],"version-history":[{"count":0,"href":"https:\/\/diarioregionaldigital.com.br\/index.php?rest_route=\/wp\/v2\/posts\/95851\/revisions"}],"wp:featuredmedia":[{"embeddable":true,"href":"https:\/\/diarioregionaldigital.com.br\/index.php?rest_route=\/wp\/v2\/media\/95850"}],"wp:attachment":[{"href":"https:\/\/diarioregionaldigital.com.br\/index.php?rest_route=%2Fwp%2Fv2%2Fmedia&parent=95851"}],"wp:term":[{"taxonomy":"category","embeddable":true,"href":"https:\/\/diarioregionaldigital.com.br\/index.php?rest_route=%2Fwp%2Fv2%2Fcategories&post=95851"},{"taxonomy":"post_tag","embeddable":true,"href":"https:\/\/diarioregionaldigital.com.br\/index.php?rest_route=%2Fwp%2Fv2%2Ftags&post=95851"}],"curies":[{"name":"wp","href":"https:\/\/api.w.org\/{rel}","templated":true}]}}