{"id":95849,"date":"2018-04-07T17:29:14","date_gmt":"2018-04-07T20:29:14","guid":{"rendered":"http:\/\/diarioregionaljf.com.br\/2018\/04\/07\/lula-diz-que-vai-se-entregar-e-critica-judiciario\/"},"modified":"2018-04-07T17:29:14","modified_gmt":"2018-04-07T20:29:14","slug":"lula-diz-que-vai-se-entregar-e-critica-judiciario","status":"publish","type":"post","link":"https:\/\/diarioregionaldigital.com.br\/?p=95849","title":{"rendered":"Lula diz que vai se entregar e critica Judici\u00e1rio"},"content":{"rendered":"<p>Ao falar pela primeira vez publicamente ap\u00f3s a decis\u00e3o do juiz S\u00e9rgio Moro que expediu sua ordem de pris\u00e3o, o ex-presidente Luiz In\u00e1cio Lula da Silva disse neste s\u00e1bado, 7, que ir\u00e1 cumprir a medida judicial, mas fez duras cr\u00edticas \u00e0 Justi\u00e7a, ao Minist\u00e9rio P\u00fablico e \u00e0 imprensa.<\/p>\n<p>&#8220;Eu sou o \u00fanico ser humano processado por um apartamento que n\u00e3o \u00e9 meu, e eles sabem que a Lava Jato mentiu que era meu, o MP mentiu que era meu, e eu pensei que o Moro ia resolver e tamb\u00e9m mentiu que era meu, e me condenou&#8221;, disse em discurso que durou 55 minutos.<\/p>\n<p>&#8220;Esse pesco\u00e7o aqui n\u00e3o baixa eu vou de cabe\u00e7a erguida e vou sair de peito estufado de l\u00e1&#8221;. Durante o discurso, Lula disse que &#8220;vou cumprir o mandado deles&#8221; e &#8220;quero fazer a transfer\u00eancia de responsabilidade para eles&#8221;.<\/p>\n<p>Em seguida, acrescentou que: &#8220;Eu tenho 72 anos. Mas eu n\u00e3o os perdoo por ter mentido que sou ladr\u00e3o&#8221;. Lula fez o discurso para militantes concentrados em frente ao Sindicato dos Metal\u00fargicos no ABC, em S\u00e3o Bernardo do Campo (SP), ap\u00f3s missa em mem\u00f3ria de Marisa Let\u00edcia, que completaria 68 anos hoje.<\/p>\n<p>Lula afirmou que ministro da Suprema Corte n\u00e3o deve dar declara\u00e7\u00e3o de como vai votar. &#8220;Quem quiser votar com base na opini\u00e3o p\u00fablica largue a toga e v\u00e1 ser candidato. Escolha um partido pol\u00edtico e v\u00e1 ser candidato&#8221;.<\/p>\n<p>Em refer\u00eancia a S\u00e9rgio Moro, Lula afirmou que: \u201cO juiz tem que ter a cabe\u00e7a mais fria, mais responsabilidade de fazer acusa\u00e7\u00e3o ou de condenar&#8221;.<\/p>\n<p>Sem citar nomes, Lula criticou a atua\u00e7\u00e3o do procurador Deltan Dallagnol, da for\u00e7a-tarefa da Opera\u00e7\u00e3o Lava Jato. &#8220;O que eu n\u00e3o posso admitir \u00e9 o procurador que fez um Power Point e foi para a TV dizer que o PT \u00e9 uma organiza\u00e7\u00e3o criminosa que quer roubar o Brasil e que Lula \u00e9 o chefe. E que, se ele \u00e9 o chefe, eu n\u00e3o preciso de provas, eu tenho convic\u00e7\u00e3o. Eu quero que ele guarde a convic\u00e7\u00e3o dele para os comparsas dele e n\u00e3o para mim&#8221;.<\/p>\n<p>Para Lula, o pa\u00eds vive hoje um ambiente dividido e b\u00e9lico. &#8220;[&#8230;] Deram a primazia de criar quase um clima de guerra negando a pol\u00edtica neste pa\u00eds. Nem Deus tem coragem ou dorme com a consci\u00eancia tranquila e a honestidade que eu durmo. Eu n\u00e3o estou acima da Justi\u00e7a. Se eu n\u00e3o acreditasse nela, eu n\u00e3o tinha feito um partido pol\u00edtico e proposto uma revolu\u00e7\u00e3o neste pa\u00eds. Acredito numa Justi\u00e7a justa, que vota processo baseado nos autos do processo, na defesa, na prova concreta do crime&#8221;.<\/p>\n<p>Ap\u00f3s discursar por quase uma hora e deixar o caminh\u00e3o de som onde fez o seu pronunciamento, o ex-presidente passou mal. No carro de som, foi pedido que m\u00e9dicos entrassem no pr\u00e9dio, onde ele se encontra agora, para ser atendido.<\/p>\n<p>Minutos ap\u00f3s terem solicitado o socorro, o carro de som avisou que Lula j\u00e1 est\u00e1 bem. Lula apareceu, h\u00e1 pouco, na janela para acenar para a multid\u00e3o que se encontra do lado de fora.<\/p>\n<p>O calor \u00e9 muito intenso nesta tarde em S\u00e3o Bernardo do Campo.<\/p>\n<p>Desde que teve sua pris\u00e3o decretada quinta-feira, 5, pelo juiz federal S\u00e9rgio Moro, respons\u00e1vel pelos processos da Opera\u00e7\u00e3o Lava Jato na primeira inst\u00e2ncia, este foi o primeiro pronunciamento de Lula em p\u00fablico.<\/p>\n<p>Fonte: Ag\u00eancia Brasil<\/p>\n","protected":false},"excerpt":{"rendered":"<p>Ao falar pela primeira vez publicamente ap\u00f3s a decis\u00e3o do juiz S\u00e9rgio Moro que expediu sua ordem de pris\u00e3o, o ex-presidente Luiz In\u00e1cio Lula da Silva disse neste s\u00e1bado, 7, que ir\u00e1 cumprir a medida judicial, mas fez duras cr\u00edticas \u00e0 Justi\u00e7a, ao Minist\u00e9rio P\u00fablico e \u00e0 imprensa. &#8220;Eu sou o \u00fanico ser humano processado [&hellip;]<\/p>\n","protected":false},"author":96,"featured_media":95848,"comment_status":"closed","ping_status":"closed","sticky":false,"template":"","format":"standard","meta":{"footnotes":""},"categories":[254],"tags":[],"class_list":["post-95849","post","type-post","status-publish","format-standard","has-post-thumbnail","hentry","category-politica"],"_links":{"self":[{"href":"https:\/\/diarioregionaldigital.com.br\/index.php?rest_route=\/wp\/v2\/posts\/95849","targetHints":{"allow":["GET"]}}],"collection":[{"href":"https:\/\/diarioregionaldigital.com.br\/index.php?rest_route=\/wp\/v2\/posts"}],"about":[{"href":"https:\/\/diarioregionaldigital.com.br\/index.php?rest_route=\/wp\/v2\/types\/post"}],"author":[{"embeddable":true,"href":"https:\/\/diarioregionaldigital.com.br\/index.php?rest_route=\/wp\/v2\/users\/96"}],"replies":[{"embeddable":true,"href":"https:\/\/diarioregionaldigital.com.br\/index.php?rest_route=%2Fwp%2Fv2%2Fcomments&post=95849"}],"version-history":[{"count":0,"href":"https:\/\/diarioregionaldigital.com.br\/index.php?rest_route=\/wp\/v2\/posts\/95849\/revisions"}],"wp:featuredmedia":[{"embeddable":true,"href":"https:\/\/diarioregionaldigital.com.br\/index.php?rest_route=\/wp\/v2\/media\/95848"}],"wp:attachment":[{"href":"https:\/\/diarioregionaldigital.com.br\/index.php?rest_route=%2Fwp%2Fv2%2Fmedia&parent=95849"}],"wp:term":[{"taxonomy":"category","embeddable":true,"href":"https:\/\/diarioregionaldigital.com.br\/index.php?rest_route=%2Fwp%2Fv2%2Fcategories&post=95849"},{"taxonomy":"post_tag","embeddable":true,"href":"https:\/\/diarioregionaldigital.com.br\/index.php?rest_route=%2Fwp%2Fv2%2Ftags&post=95849"}],"curies":[{"name":"wp","href":"https:\/\/api.w.org\/{rel}","templated":true}]}}