{"id":95847,"date":"2018-04-07T16:04:35","date_gmt":"2018-04-07T19:04:35","guid":{"rendered":"http:\/\/diarioregionaljf.com.br\/2018\/04\/07\/joao-de-matos-e-exonerado-do-cargo-de-secretario-de-desenvolvimento-economico\/"},"modified":"2018-04-07T16:04:35","modified_gmt":"2018-04-07T19:04:35","slug":"joao-de-matos-e-exonerado-do-cargo-de-secretario-de-desenvolvimento-economico","status":"publish","type":"post","link":"https:\/\/diarioregionaldigital.com.br\/?p=95847","title":{"rendered":"Jo\u00e3o de Matos \u00e9 exonerado do cargo de secret\u00e1rio de Desenvolvimento Econ\u00f4mico"},"content":{"rendered":"<p>Em uma das suas \u00faltimas atribui\u00e7\u00f5es como chefe do Executivo Municipal, Bruno Siqueira (MDB), exonerou Jo\u00e3o de Matos Neto do cargo de secret\u00e1rio de Desenvolvimento Econ\u00f4mico, Trabalho e Turismo a pedido do mesmo. A informa\u00e7\u00e3o foi publicada no Di\u00e1rio Oficial do Munic\u00edpio deste s\u00e1bado, 7.<\/p>\n<p>Matos assumiu a pasta no final do primeiro mandato de Bruno Siqueira, ap\u00f3s o economista Andr\u00e9 Zuchi entregar o cargo em abril de 2016. Ap\u00f3s a vit\u00f3ria do emedebista nas elei\u00e7\u00f5es daquele ano, ele permaneceu no cargo.<\/p>\n<p>O substituto de Matos ser\u00e1 nomeado pelo novo prefeito de Juiz de Fora, Ant\u00f4nio Almas.<\/p>\n","protected":false},"excerpt":{"rendered":"<p>Em uma das suas \u00faltimas atribui\u00e7\u00f5es como chefe do Executivo Municipal, Bruno Siqueira (MDB), exonerou Jo\u00e3o de Matos Neto do cargo de secret\u00e1rio de Desenvolvimento Econ\u00f4mico, Trabalho e Turismo a pedido do mesmo. A informa\u00e7\u00e3o foi publicada no Di\u00e1rio Oficial do Munic\u00edpio deste s\u00e1bado, 7. Matos assumiu a pasta no final do primeiro mandato de [&hellip;]<\/p>\n","protected":false},"author":96,"featured_media":95846,"comment_status":"closed","ping_status":"closed","sticky":false,"template":"","format":"standard","meta":{"footnotes":""},"categories":[253],"tags":[],"class_list":["post-95847","post","type-post","status-publish","format-standard","has-post-thumbnail","hentry","category-cidade"],"_links":{"self":[{"href":"https:\/\/diarioregionaldigital.com.br\/index.php?rest_route=\/wp\/v2\/posts\/95847","targetHints":{"allow":["GET"]}}],"collection":[{"href":"https:\/\/diarioregionaldigital.com.br\/index.php?rest_route=\/wp\/v2\/posts"}],"about":[{"href":"https:\/\/diarioregionaldigital.com.br\/index.php?rest_route=\/wp\/v2\/types\/post"}],"author":[{"embeddable":true,"href":"https:\/\/diarioregionaldigital.com.br\/index.php?rest_route=\/wp\/v2\/users\/96"}],"replies":[{"embeddable":true,"href":"https:\/\/diarioregionaldigital.com.br\/index.php?rest_route=%2Fwp%2Fv2%2Fcomments&post=95847"}],"version-history":[{"count":0,"href":"https:\/\/diarioregionaldigital.com.br\/index.php?rest_route=\/wp\/v2\/posts\/95847\/revisions"}],"wp:featuredmedia":[{"embeddable":true,"href":"https:\/\/diarioregionaldigital.com.br\/index.php?rest_route=\/wp\/v2\/media\/95846"}],"wp:attachment":[{"href":"https:\/\/diarioregionaldigital.com.br\/index.php?rest_route=%2Fwp%2Fv2%2Fmedia&parent=95847"}],"wp:term":[{"taxonomy":"category","embeddable":true,"href":"https:\/\/diarioregionaldigital.com.br\/index.php?rest_route=%2Fwp%2Fv2%2Fcategories&post=95847"},{"taxonomy":"post_tag","embeddable":true,"href":"https:\/\/diarioregionaldigital.com.br\/index.php?rest_route=%2Fwp%2Fv2%2Ftags&post=95847"}],"curies":[{"name":"wp","href":"https:\/\/api.w.org\/{rel}","templated":true}]}}