{"id":95845,"date":"2018-04-07T15:37:01","date_gmt":"2018-04-07T18:37:01","guid":{"rendered":"http:\/\/diarioregionaljf.com.br\/2018\/04\/07\/settra-interdita-vias-das-regioes-norte-e-oeste-para-realizacao-de-eventos\/"},"modified":"2018-04-07T15:37:01","modified_gmt":"2018-04-07T18:37:01","slug":"settra-interdita-vias-das-regioes-norte-e-oeste-para-realizacao-de-eventos","status":"publish","type":"post","link":"https:\/\/diarioregionaldigital.com.br\/?p=95845","title":{"rendered":"Settra interdita vias das regi\u00f5es norte e oeste para realiza\u00e7\u00e3o de eventos"},"content":{"rendered":"<p>Neste domingo, 8, a Secretaria de Transporte e Tr\u00e2nsito (Settra) da Prefeitura de Juiz de Fora (PJF) promover\u00e1 interven\u00e7\u00f5es em vias da regi\u00e3o Norte, a partir das 15h30, para realiza\u00e7\u00e3o da \u201cCarreata da Par\u00f3quia Nossa Senhora de Lourdes, e na regi\u00e3o Oeste, de 8h \u00e0s 12h, para o \u201cCampeonato Mineiro de Duatlhon&#8221;.<\/p>\n<p>A concentra\u00e7\u00e3o dos fi\u00e9is ser\u00e1 no p\u00e1tio da Igreja Nossa Senhora de Lourdes, na Avenida Presidente Juscelino Kubitschek, n\u00ba 790. O percurso do cortejo acontecer\u00e1 nas ruas Tomaz Gonzaga, Berta Halfeld Paleta, Manoel Diniz da Silva, Professor Meton de Alencar, Ab\u00edlio Gomes, Ivan Batista de Oliveira, Doutor Milton Ladeira, A\u00e7a\u00ed, Francisco Caputo Queiroz, Roberto Delage Faria, Jos\u00e9 Sim\u00e3o, das Palmeiras, Carna\u00faba, Jatob\u00e1, Jacarand\u00e1, Carna\u00faba, Jatob\u00e1 e das Mangueiras, at\u00e9 o n\u00famero 1.193. As vias ser\u00e3o liberadas \u00e0 medida que a carreata for avan\u00e7ando ou de acordo com a avalia\u00e7\u00e3o da autoridade de tr\u00e2nsito no local.<\/p>\n<p>&nbsp;<\/p>\n<h4>\u201cCAMPEONATO MINEIRO DE DUATLHON&#8221;<\/h4>\n<p>Tamb\u00e9m neste domingo, todo o trajeto da corrida e do ciclismo que integram o \u201cCampeonato de Duatlhon\u201d estar\u00e1 fechado para o tr\u00e2nsito de ve\u00edculos. A largada ser\u00e1 as 8h, na BR-440 (em frente ao empreendimento \u201cZico\u201d).<\/p>\n<p><strong>Percurso da corrida<\/strong>: BR-440, em dire\u00e7\u00e3o \u00e0 Represa de S\u00e3o Pedro, retornando pelo mesmo trajeto, com chegada em frente ao empreendimento \u201cZico\u201d.<\/p>\n<p><strong>Percurso do ciclismo:<\/strong> BR-440, em frente ao empreendimento \u201cZico\u201d, em dire\u00e7\u00e3o \u00e0 Rua Roberto Stieguert, pela BR-440 (sentido bairro\/Centro), retornando pelo mesmo percurso, e ap\u00f3s, pelo lado oposto, na mesma BR-440, completando 18km.<\/p>\n<p>Fonte: Assessoria<\/p>\n","protected":false},"excerpt":{"rendered":"<p>Neste domingo, 8, a Secretaria de Transporte e Tr\u00e2nsito (Settra) da Prefeitura de Juiz de Fora (PJF) promover\u00e1 interven\u00e7\u00f5es em vias da regi\u00e3o Norte, a partir das 15h30, para realiza\u00e7\u00e3o da \u201cCarreata da Par\u00f3quia Nossa Senhora de Lourdes, e na regi\u00e3o Oeste, de 8h \u00e0s 12h, para o \u201cCampeonato Mineiro de Duatlhon&#8221;. A concentra\u00e7\u00e3o dos [&hellip;]<\/p>\n","protected":false},"author":96,"featured_media":95844,"comment_status":"closed","ping_status":"closed","sticky":false,"template":"","format":"standard","meta":{"footnotes":""},"categories":[253],"tags":[],"class_list":["post-95845","post","type-post","status-publish","format-standard","has-post-thumbnail","hentry","category-cidade"],"_links":{"self":[{"href":"https:\/\/diarioregionaldigital.com.br\/index.php?rest_route=\/wp\/v2\/posts\/95845","targetHints":{"allow":["GET"]}}],"collection":[{"href":"https:\/\/diarioregionaldigital.com.br\/index.php?rest_route=\/wp\/v2\/posts"}],"about":[{"href":"https:\/\/diarioregionaldigital.com.br\/index.php?rest_route=\/wp\/v2\/types\/post"}],"author":[{"embeddable":true,"href":"https:\/\/diarioregionaldigital.com.br\/index.php?rest_route=\/wp\/v2\/users\/96"}],"replies":[{"embeddable":true,"href":"https:\/\/diarioregionaldigital.com.br\/index.php?rest_route=%2Fwp%2Fv2%2Fcomments&post=95845"}],"version-history":[{"count":0,"href":"https:\/\/diarioregionaldigital.com.br\/index.php?rest_route=\/wp\/v2\/posts\/95845\/revisions"}],"wp:featuredmedia":[{"embeddable":true,"href":"https:\/\/diarioregionaldigital.com.br\/index.php?rest_route=\/wp\/v2\/media\/95844"}],"wp:attachment":[{"href":"https:\/\/diarioregionaldigital.com.br\/index.php?rest_route=%2Fwp%2Fv2%2Fmedia&parent=95845"}],"wp:term":[{"taxonomy":"category","embeddable":true,"href":"https:\/\/diarioregionaldigital.com.br\/index.php?rest_route=%2Fwp%2Fv2%2Fcategories&post=95845"},{"taxonomy":"post_tag","embeddable":true,"href":"https:\/\/diarioregionaldigital.com.br\/index.php?rest_route=%2Fwp%2Fv2%2Ftags&post=95845"}],"curies":[{"name":"wp","href":"https:\/\/api.w.org\/{rel}","templated":true}]}}