{"id":95843,"date":"2018-04-07T15:22:43","date_gmt":"2018-04-07T18:22:43","guid":{"rendered":"http:\/\/diarioregionaljf.com.br\/2018\/04\/07\/adolescente-de-17-anos-morre-em-acidente-de-moto-em-alem-paraiba\/"},"modified":"2018-04-07T15:22:43","modified_gmt":"2018-04-07T18:22:43","slug":"adolescente-de-17-anos-morre-em-acidente-de-moto-em-alem-paraiba","status":"publish","type":"post","link":"https:\/\/diarioregionaldigital.com.br\/?p=95843","title":{"rendered":"Adolescente de 17 anos morre em acidente de moto em Al\u00e9m Para\u00edba"},"content":{"rendered":"<p>Um adolescente de 17 anos morreu em um acidente de moto na noite dessa sexta-feira, 6, em Al\u00e9m Para\u00edba. O caso aconteceu enquanto o rapaz tentava fugir de uma ordem de parada da Pol\u00edcia Militar no bairro Goiabal e ap\u00f3s arriscadas ultrapassagens a v\u00edtima veio a colidir em uma \u00e1rvore na Rua Bar\u00e3o de Guararema.<\/p>\n<p>Segundo a Pol\u00edcia Militar, o adolescente perdeu o controle da motocicleta Honda CG 160 enquanto for\u00e7ava ultrapassagem por dois ve\u00edculos. A roda dianteira do ve\u00edculo teria deslizado na linha f\u00e9rrea fazendo com que ele perdesse o controle e colidisse contra uma \u00e1rvore em alta velocidade. A PM realizava neste momento, acompanhamento com sirene e giroflex ligados. O SAMU foi acionado e efetuou todos os procedimentos necess\u00e1rios para reanimar o jovem, que n\u00e3o resistiu ao impacto e faleceu no local. Ainda segundo a PM, uma mochila com garrafas de cerveja foi localizada junto \u00e0 v\u00edtima e devolvida aos familiares. O ve\u00edculo foi apreendido e removido ao p\u00e1tio credenciado junto ao Detran\/MG no munic\u00edpio.<\/p>\n<p>O corpo do jovem foi encaminhado ao Instituto M\u00e9dico Legal de Leopoldina.<\/p>\n<p>&nbsp;<\/p>\n<p>Fonte: O Vigilante Online<\/p>\n","protected":false},"excerpt":{"rendered":"<p>Um adolescente de 17 anos morreu em um acidente de moto na noite dessa sexta-feira, 6, em Al\u00e9m Para\u00edba. O caso aconteceu enquanto o rapaz tentava fugir de uma ordem de parada da Pol\u00edcia Militar no bairro Goiabal e ap\u00f3s arriscadas ultrapassagens a v\u00edtima veio a colidir em uma \u00e1rvore na Rua Bar\u00e3o de Guararema. [&hellip;]<\/p>\n","protected":false},"author":96,"featured_media":95842,"comment_status":"closed","ping_status":"closed","sticky":false,"template":"","format":"standard","meta":{"footnotes":""},"categories":[252],"tags":[],"class_list":["post-95843","post","type-post","status-publish","format-standard","has-post-thumbnail","hentry","category-regiao"],"_links":{"self":[{"href":"https:\/\/diarioregionaldigital.com.br\/index.php?rest_route=\/wp\/v2\/posts\/95843","targetHints":{"allow":["GET"]}}],"collection":[{"href":"https:\/\/diarioregionaldigital.com.br\/index.php?rest_route=\/wp\/v2\/posts"}],"about":[{"href":"https:\/\/diarioregionaldigital.com.br\/index.php?rest_route=\/wp\/v2\/types\/post"}],"author":[{"embeddable":true,"href":"https:\/\/diarioregionaldigital.com.br\/index.php?rest_route=\/wp\/v2\/users\/96"}],"replies":[{"embeddable":true,"href":"https:\/\/diarioregionaldigital.com.br\/index.php?rest_route=%2Fwp%2Fv2%2Fcomments&post=95843"}],"version-history":[{"count":0,"href":"https:\/\/diarioregionaldigital.com.br\/index.php?rest_route=\/wp\/v2\/posts\/95843\/revisions"}],"wp:featuredmedia":[{"embeddable":true,"href":"https:\/\/diarioregionaldigital.com.br\/index.php?rest_route=\/wp\/v2\/media\/95842"}],"wp:attachment":[{"href":"https:\/\/diarioregionaldigital.com.br\/index.php?rest_route=%2Fwp%2Fv2%2Fmedia&parent=95843"}],"wp:term":[{"taxonomy":"category","embeddable":true,"href":"https:\/\/diarioregionaldigital.com.br\/index.php?rest_route=%2Fwp%2Fv2%2Fcategories&post=95843"},{"taxonomy":"post_tag","embeddable":true,"href":"https:\/\/diarioregionaldigital.com.br\/index.php?rest_route=%2Fwp%2Fv2%2Ftags&post=95843"}],"curies":[{"name":"wp","href":"https:\/\/api.w.org\/{rel}","templated":true}]}}