{"id":95840,"date":"2018-04-07T14:32:47","date_gmt":"2018-04-07T17:32:47","guid":{"rendered":"http:\/\/diarioregionaljf.com.br\/2018\/04\/07\/homem-rouba-r-400-em-estabelecimento-comercial-no-aeroporto\/"},"modified":"2018-04-07T14:32:47","modified_gmt":"2018-04-07T17:32:47","slug":"homem-rouba-r-400-em-estabelecimento-comercial-no-aeroporto","status":"publish","type":"post","link":"https:\/\/diarioregionaldigital.com.br\/?p=95840","title":{"rendered":"Homem rouba R$400 em estabelecimento comercial no Aeroporto"},"content":{"rendered":"<p>Um estabelecimento comercial no bairro Aeroporto, Cidade Alta, foi assaltado no in\u00edcio da tarde dessa sexta-feira, 6. As funcion\u00e1rias relataram ao militares que foram surpreendidas por um indiv\u00edduo, que em posse de uma arma de fogo, anunciou o assalto.<\/p>\n<p>O autor roubou R$400 e fugiu em dire\u00e7\u00e3o ao bairro Dom Bosco, zona Sul. A Pol\u00edcia Militar (PM) realizou buscas pela regi\u00e3o, por\u00e9m n\u00e3o localizou o homem.<\/p>\n","protected":false},"excerpt":{"rendered":"<p>Um estabelecimento comercial no bairro Aeroporto, Cidade Alta, foi assaltado no in\u00edcio da tarde dessa sexta-feira, 6. As funcion\u00e1rias relataram ao militares que foram surpreendidas por um indiv\u00edduo, que em posse de uma arma de fogo, anunciou o assalto. O autor roubou R$400 e fugiu em dire\u00e7\u00e3o ao bairro Dom Bosco, zona Sul. A Pol\u00edcia [&hellip;]<\/p>\n","protected":false},"author":96,"featured_media":95836,"comment_status":"closed","ping_status":"closed","sticky":false,"template":"","format":"standard","meta":{"footnotes":""},"categories":[301],"tags":[],"class_list":["post-95840","post","type-post","status-publish","format-standard","has-post-thumbnail","hentry","category-artigos-policiais"],"_links":{"self":[{"href":"https:\/\/diarioregionaldigital.com.br\/index.php?rest_route=\/wp\/v2\/posts\/95840","targetHints":{"allow":["GET"]}}],"collection":[{"href":"https:\/\/diarioregionaldigital.com.br\/index.php?rest_route=\/wp\/v2\/posts"}],"about":[{"href":"https:\/\/diarioregionaldigital.com.br\/index.php?rest_route=\/wp\/v2\/types\/post"}],"author":[{"embeddable":true,"href":"https:\/\/diarioregionaldigital.com.br\/index.php?rest_route=\/wp\/v2\/users\/96"}],"replies":[{"embeddable":true,"href":"https:\/\/diarioregionaldigital.com.br\/index.php?rest_route=%2Fwp%2Fv2%2Fcomments&post=95840"}],"version-history":[{"count":0,"href":"https:\/\/diarioregionaldigital.com.br\/index.php?rest_route=\/wp\/v2\/posts\/95840\/revisions"}],"wp:featuredmedia":[{"embeddable":true,"href":"https:\/\/diarioregionaldigital.com.br\/index.php?rest_route=\/wp\/v2\/media\/95836"}],"wp:attachment":[{"href":"https:\/\/diarioregionaldigital.com.br\/index.php?rest_route=%2Fwp%2Fv2%2Fmedia&parent=95840"}],"wp:term":[{"taxonomy":"category","embeddable":true,"href":"https:\/\/diarioregionaldigital.com.br\/index.php?rest_route=%2Fwp%2Fv2%2Fcategories&post=95840"},{"taxonomy":"post_tag","embeddable":true,"href":"https:\/\/diarioregionaldigital.com.br\/index.php?rest_route=%2Fwp%2Fv2%2Ftags&post=95840"}],"curies":[{"name":"wp","href":"https:\/\/api.w.org\/{rel}","templated":true}]}}