{"id":95839,"date":"2018-04-07T14:16:45","date_gmt":"2018-04-07T17:16:45","guid":{"rendered":"http:\/\/diarioregionaljf.com.br\/2018\/04\/07\/movimento-tranquilo-em-frente-a-sede-da-policia-federal-em-curitiba\/"},"modified":"2018-04-07T14:16:45","modified_gmt":"2018-04-07T17:16:45","slug":"movimento-tranquilo-em-frente-a-sede-da-policia-federal-em-curitiba","status":"publish","type":"post","link":"https:\/\/diarioregionaldigital.com.br\/?p=95839","title":{"rendered":"Movimento tranquilo em frente \u00e0 sede da Pol\u00edcia Federal em Curitiba"},"content":{"rendered":"<p>Ap\u00f3s a grande mobiliza\u00e7\u00e3o de manifestantes contr\u00e1rios ao ex-presidente Lula na noite dessa sexta-feira, 6, o dia hoje, 7, amanheceu tranquilo na porta da Superintend\u00eancia da Pol\u00edcia Federal (PF), em Curitiba. Apenas jornalistas e vendedores ambulantes marcam presen\u00e7a. A pol\u00edcia ainda n\u00e3o est\u00e1 mobilizada e n\u00e3o h\u00e1 bloqueios nas vias pr\u00f3ximas.<\/p>\n<p>Como n\u00e3o h\u00e1 expediente neste s\u00e1bado, o acesso ao interior do pr\u00e9dio e ao estacionamento est\u00e1 fechado. Trata-se de um complexo inaugurado em fevereiro de 2007, quando Lula era o presidente da Rep\u00fablica e M\u00e1rcio Thomaz Bastos, o ministro da Justi\u00e7a.<\/p>\n<p>A carceragem da PF na capital paranaense abriga presos da Lava Jato, como o ex-ministro Ant\u00f4nio Pallocci e o empreiteiro Jos\u00e9 Aldem\u00e1rio Pinheiro, o L\u00e9o Pinheiro, da OAS, que revelou a rela\u00e7\u00e3o entre o ex-presidente da Rep\u00fablica e o triplex do Guaruj\u00e1.<\/p>\n<p>O esquema de seguran\u00e7a montado pela Pol\u00edcia Federal e pelas for\u00e7as de seguran\u00e7a do Paran\u00e1 est\u00e1 pronto e envolve homens do Batalh\u00e3o de Choque da PM e do Grupo de Pronta Interven\u00e7\u00e3o da PF, com muni\u00e7\u00f5es n\u00e3o letais e bombas de efeito moral, como equipamentos.<\/p>\n<p>Um helic\u00f3ptero deve ser utilizado para trazer Lula do aeroporto ao heliponto do pr\u00e9dio da PF, evitando a exposi\u00e7\u00e3o do ex-presidente e os riscos do deslocamento pelas ruas da capital paranaense.<\/p>\n<p>Lula vai ficar em uma sala com cerca de 15 metros quadrados, com uma cama, mesa, cadeira, banheiro e janela interna, para o corredor. Ela fica no quarto andar do pr\u00e9dio e era usada como alojamento dos agentes.<\/p>\n<p>O ex-presidente n\u00e3o ter\u00e1 contato com os demais presos. Lula ter\u00e1 ainda direito a banho de sol de duas horas e uma visita semanal, al\u00e9m dos advogados.<\/p>\n<p>Fonte: Ag\u00eancia Brasil<\/p>\n","protected":false},"excerpt":{"rendered":"<p>Ap\u00f3s a grande mobiliza\u00e7\u00e3o de manifestantes contr\u00e1rios ao ex-presidente Lula na noite dessa sexta-feira, 6, o dia hoje, 7, amanheceu tranquilo na porta da Superintend\u00eancia da Pol\u00edcia Federal (PF), em Curitiba. Apenas jornalistas e vendedores ambulantes marcam presen\u00e7a. A pol\u00edcia ainda n\u00e3o est\u00e1 mobilizada e n\u00e3o h\u00e1 bloqueios nas vias pr\u00f3ximas. Como n\u00e3o h\u00e1 expediente [&hellip;]<\/p>\n","protected":false},"author":96,"featured_media":95838,"comment_status":"closed","ping_status":"closed","sticky":false,"template":"","format":"standard","meta":{"footnotes":""},"categories":[254],"tags":[],"class_list":["post-95839","post","type-post","status-publish","format-standard","has-post-thumbnail","hentry","category-politica"],"_links":{"self":[{"href":"https:\/\/diarioregionaldigital.com.br\/index.php?rest_route=\/wp\/v2\/posts\/95839","targetHints":{"allow":["GET"]}}],"collection":[{"href":"https:\/\/diarioregionaldigital.com.br\/index.php?rest_route=\/wp\/v2\/posts"}],"about":[{"href":"https:\/\/diarioregionaldigital.com.br\/index.php?rest_route=\/wp\/v2\/types\/post"}],"author":[{"embeddable":true,"href":"https:\/\/diarioregionaldigital.com.br\/index.php?rest_route=\/wp\/v2\/users\/96"}],"replies":[{"embeddable":true,"href":"https:\/\/diarioregionaldigital.com.br\/index.php?rest_route=%2Fwp%2Fv2%2Fcomments&post=95839"}],"version-history":[{"count":0,"href":"https:\/\/diarioregionaldigital.com.br\/index.php?rest_route=\/wp\/v2\/posts\/95839\/revisions"}],"wp:featuredmedia":[{"embeddable":true,"href":"https:\/\/diarioregionaldigital.com.br\/index.php?rest_route=\/wp\/v2\/media\/95838"}],"wp:attachment":[{"href":"https:\/\/diarioregionaldigital.com.br\/index.php?rest_route=%2Fwp%2Fv2%2Fmedia&parent=95839"}],"wp:term":[{"taxonomy":"category","embeddable":true,"href":"https:\/\/diarioregionaldigital.com.br\/index.php?rest_route=%2Fwp%2Fv2%2Fcategories&post=95839"},{"taxonomy":"post_tag","embeddable":true,"href":"https:\/\/diarioregionaldigital.com.br\/index.php?rest_route=%2Fwp%2Fv2%2Ftags&post=95839"}],"curies":[{"name":"wp","href":"https:\/\/api.w.org\/{rel}","templated":true}]}}