{"id":95833,"date":"2018-04-07T04:01:06","date_gmt":"2018-04-07T07:01:06","guid":{"rendered":"http:\/\/diarioregionaljf.com.br\/2018\/04\/07\/advogados-negociam-para-que-lula-seja-preso-neste-sabado\/"},"modified":"2018-04-07T04:01:06","modified_gmt":"2018-04-07T07:01:06","slug":"advogados-negociam-para-que-lula-seja-preso-neste-sabado","status":"publish","type":"post","link":"https:\/\/diarioregionaldigital.com.br\/?p=95833","title":{"rendered":"Advogados negociam para que Lula seja preso neste s\u00e1bado"},"content":{"rendered":"<p>Os advogados do ex-presidente Luiz In\u00e1cio Lula da Silva negociaram com a Pol\u00edcia Federal e a Justi\u00e7a Federal na noite dessa sexta-feira, 6, como deve ocorrer a pris\u00e3o do ex-presidente. Neste s\u00e1bado, 7, haver\u00e1 missa em mem\u00f3ria da esposa de Lula, Marisa Let\u00edcia, que comemoraria 68 anos na data. Somente ap\u00f3s a missa \u00e9 que a pris\u00e3o deve ocorrer.<\/p>\n<p>A Ag\u00eancia Brasil conversou com diversos apoiadores de Lula que circulam desde quinta-feira, 5, pelo Sindicato dos Metal\u00fargicos do ABC, em S\u00e3o Bernardo do Campo (SP), e falaram sobre a negocia\u00e7\u00e3o para que a pris\u00e3o ocorra somente depois da missa.<\/p>\n<p>Eles disseram ainda que j\u00e1 houve o ato pol\u00edtico pelo fato de o ex-presidente n\u00e3o ter se apresentado \u00e0 Pol\u00edcia Federal dentro do prazo estipulado por Moro. Na ordem de pris\u00e3o, Moro informou que o ex-presidente poderia se apresentar voluntariamente at\u00e9 as 17h de ontem \u00e0 Pol\u00edcia Federal em Curitiba.<\/p>\n<p>Mais cedo, a presidente nacional do PT, senadora Gleisi Hoffmann, disse que o ex-presidente Luiz In\u00e1cio Lula da Silva &#8220;permanecer\u00e1 junto com a milit\u00e2ncia&#8221; na sede do Sindicato dos Metal\u00fargicos do ABC, em S\u00e3o Bernardo do Campo (SP) e que &#8220;exerceu a op\u00e7\u00e3o&#8221; de n\u00e3o se apresentar \u00e0 Pol\u00edcia Federal em Curitiba.<\/p>\n<p>&#8220;Eu queria deixar claro que n\u00e3o h\u00e1 por parte do presidente Lula nenhum descumprimento da senten\u00e7a do mandado de pris\u00e3o expedido pelo juiz S\u00e9rgio Moro. Ele tinha a op\u00e7\u00e3o dada pelo juiz de ir at\u00e9 Curitiba. N\u00e3o exerceu essa op\u00e7\u00e3o&#8221;, disse Gleisi.<\/p>\n<p>Os militantes continuam do lado de fora do sindicato em vig\u00edlia.<\/p>\n<p>Fonte: Ag\u00eancia Brasil<\/p>\n","protected":false},"excerpt":{"rendered":"<p>Os advogados do ex-presidente Luiz In\u00e1cio Lula da Silva negociaram com a Pol\u00edcia Federal e a Justi\u00e7a Federal na noite dessa sexta-feira, 6, como deve ocorrer a pris\u00e3o do ex-presidente. Neste s\u00e1bado, 7, haver\u00e1 missa em mem\u00f3ria da esposa de Lula, Marisa Let\u00edcia, que comemoraria 68 anos na data. Somente ap\u00f3s a missa \u00e9 que [&hellip;]<\/p>\n","protected":false},"author":96,"featured_media":95832,"comment_status":"closed","ping_status":"closed","sticky":false,"template":"","format":"standard","meta":{"footnotes":""},"categories":[254],"tags":[],"class_list":["post-95833","post","type-post","status-publish","format-standard","has-post-thumbnail","hentry","category-politica"],"_links":{"self":[{"href":"https:\/\/diarioregionaldigital.com.br\/index.php?rest_route=\/wp\/v2\/posts\/95833","targetHints":{"allow":["GET"]}}],"collection":[{"href":"https:\/\/diarioregionaldigital.com.br\/index.php?rest_route=\/wp\/v2\/posts"}],"about":[{"href":"https:\/\/diarioregionaldigital.com.br\/index.php?rest_route=\/wp\/v2\/types\/post"}],"author":[{"embeddable":true,"href":"https:\/\/diarioregionaldigital.com.br\/index.php?rest_route=\/wp\/v2\/users\/96"}],"replies":[{"embeddable":true,"href":"https:\/\/diarioregionaldigital.com.br\/index.php?rest_route=%2Fwp%2Fv2%2Fcomments&post=95833"}],"version-history":[{"count":0,"href":"https:\/\/diarioregionaldigital.com.br\/index.php?rest_route=\/wp\/v2\/posts\/95833\/revisions"}],"wp:featuredmedia":[{"embeddable":true,"href":"https:\/\/diarioregionaldigital.com.br\/index.php?rest_route=\/wp\/v2\/media\/95832"}],"wp:attachment":[{"href":"https:\/\/diarioregionaldigital.com.br\/index.php?rest_route=%2Fwp%2Fv2%2Fmedia&parent=95833"}],"wp:term":[{"taxonomy":"category","embeddable":true,"href":"https:\/\/diarioregionaldigital.com.br\/index.php?rest_route=%2Fwp%2Fv2%2Fcategories&post=95833"},{"taxonomy":"post_tag","embeddable":true,"href":"https:\/\/diarioregionaldigital.com.br\/index.php?rest_route=%2Fwp%2Fv2%2Ftags&post=95833"}],"curies":[{"name":"wp","href":"https:\/\/api.w.org\/{rel}","templated":true}]}}