{"id":95831,"date":"2018-04-07T03:53:17","date_gmt":"2018-04-07T06:53:17","guid":{"rendered":"http:\/\/diarioregionaljf.com.br\/2018\/04\/07\/governador-fernando-pimentel-entrega-50-veiculos-para-prefeituras-mineiras\/"},"modified":"2018-04-07T03:53:17","modified_gmt":"2018-04-07T06:53:17","slug":"governador-fernando-pimentel-entrega-50-veiculos-para-prefeituras-mineiras","status":"publish","type":"post","link":"https:\/\/diarioregionaldigital.com.br\/?p=95831","title":{"rendered":"Governador Fernando Pimentel entrega 50 ve\u00edculos para prefeituras mineiras"},"content":{"rendered":"<p>O governador Fernando Pimentel entregou nessa sexta-feira, 6, no Pal\u00e1cio da Liberdade, em Belo Horizonte, 50 ve\u00edculos para 37 munic\u00edpios mineiros. Entre eles, est\u00e3o ambul\u00e2ncias, minivans de sete lugares e autom\u00f3veis convencionais.<\/p>\n<p>Ao todo, foram investidos R$3,4 milh\u00f5es para a compra dos ve\u00edculos. Os recursos s\u00e3o provenientes de emendas parlamentares de deputados estaduais mineiros.<\/p>\n<p>Em seu pronunciamento, Fernando Pimentel ressaltou a estrat\u00e9gia do governo em priorizar a\u00e7\u00f5es que tenham impacto direto na vida da popula\u00e7\u00e3o. \u201cA entrega desses ve\u00edculos, para quem n\u00e3o conhece Minas Gerais, pode achar que \u00e9 pouca coisa e que n\u00e3o resolve nada. N\u00e3o resolve para quem est\u00e1 longe, dentro do gabinete com ar condicionado. Mas, para quem est\u00e1 l\u00e1, com o p\u00e9 na lama, precisando de um ve\u00edculo novo para transportar um paciente, resolve muito\u201d, afirmou o governador.<\/p>\n<p>Pimentel tamb\u00e9m destacou as prioridades feitas pela administra\u00e7\u00e3o estadual. \u201cEsse \u00e9 um governo que fez esse tipo de escolha. Resolvemos governar o Estado voltados para as necessidades reais da popula\u00e7\u00e3o e n\u00e3o fechados dentro de gabinetes, e n\u00e3o sonhando em construir pr\u00e9dio luxuoso l\u00e1 na estrada de Confins. Isso n\u00e3o \u00e9 conosco, isso \u00e9 o passado. N\u00f3s vamos enfrentar as dificuldades junto com voc\u00eas nas prefeituras, junto com os representantes leg\u00edtimos dos munic\u00edpios e, pouco a pouco, vamos superando as dificuldades\u201d, afirmou.<\/p>\n<p>O governador frisou, ainda, o ambiente de harmonia vivido no estado, que tem permitido avan\u00e7ar no desenvolvimento das pol\u00edticas p\u00fablicas. \u201cIsso mostra que Minas est\u00e1 no caminho certo. Para al\u00e9m de todas as dificuldades, de todas as crises, de todas as vicissitudes da vida pol\u00edtica hoje no Brasil, n\u00f3s estamos superando isso com muito trabalho, com muito equil\u00edbrio e com muita harmonia, que n\u00f3s temos hoje com a Assembleia Legislativa, com o Poder Judici\u00e1rio, e que voc\u00ea olha para os outros estados e n\u00e3o v\u00ea. Mas aqui em Minas \u00e9 assim, voc\u00ea n\u00e3o v\u00ea esse bate-boca entre os poderes. Aqui \u00e9 equil\u00edbrio, \u00e9 trabalho, \u00e9 compreens\u00e3o, \u00e9 toler\u00e2ncia, da mesma forma que n\u00f3s temos nos relacionado com os munic\u00edpios\u201d, finalizou.<\/p>\n<p>Os ve\u00edculos foram doados por meio das secretarias de Estado de Governo (Segov) e Sa\u00fade (SES). O deputado estadual Agostinho Patrus tamb\u00e9m valorizou a parceria entre a Assembleia e o governo do Estado. \u201cOs prefeitos vivem momentos de dificuldades, ent\u00e3o temos de valorizar essa rela\u00e7\u00e3o na esperan\u00e7a de um trabalho conjunto entre os deputados estaduais, o governo e as prefeituras\u201d, afirmou.<\/p>\n<p>O prefeito de Jesu\u00e2nia, Jos\u00e9 Donizette Nogueira, ressaltou a import\u00e2ncia do ve\u00edculo para o munic\u00edpio. \u201cEssa ambul\u00e2ncia vai nos ajudar a cuidar da sa\u00fade da nossa popula\u00e7\u00e3o, oferecendo um transporte de qualidade. Temos que agradecer o empenho de todos e cuidar do nosso patrim\u00f4nio\u201d, disse.<\/p>\n<p>Tamb\u00e9m participaram do evento os secret\u00e1rios de Estado de Governo, Odair Cunha; de Transporte e Obras P\u00fablicas, Murilo Valadares; de Desenvolvimento e Integra\u00e7\u00e3o do Norte de Minas, Epaminondas Pires de Miranda; al\u00e9m dos deputados estaduais Hely Tarqu\u00ednio, M\u00e1rio Henrique Caixa, prefeitos e representantes das prefeituras.<\/p>\n<h4>CONFIRA OS MUNIC\u00cdPIOS BENEFICIADOS:<\/h4>\n<table style=\"width: 0px;\">\n<tbody>\n<tr>\n<td style=\"width: 135px; text-align: center;\">\n<p>Alagoa<\/p>\n<\/td>\n<td style=\"width: 160px; text-align: center;\">\n<p>Bonfin\u00f3polis de Minas<\/p>\n<\/td>\n<td style=\"width: 122px; text-align: center;\">\n<p>Borda da Mata<\/p>\n<\/td>\n<td style=\"width: 153px; text-align: center;\">\n<p>Braz\u00f3polis<\/p>\n<\/td>\n<\/tr>\n<tr>\n<td style=\"width: 135px; text-align: center;\">\n<p>Campo do Meio<\/p>\n<\/td>\n<td style=\"width: 160px; text-align: center;\">\n<p>Campos Gerais<\/p>\n<\/td>\n<td style=\"width: 122px; text-align: center;\">\n<p>Cipot\u00e2nea<\/p>\n<\/td>\n<td style=\"width: 153px; text-align: center;\">\n<p>Conselheiro Lafaiete<\/p>\n<\/td>\n<\/tr>\n<tr>\n<td style=\"width: 135px; text-align: center;\">\n<p style=\"text-align: center;\">Corinto<\/p>\n<\/td>\n<td style=\"width: 160px; text-align: center;\">\n<p>Cruzeiro da Fortaleza<\/p>\n<\/td>\n<td style=\"width: 122px; text-align: center;\">\n<p>Dom Bosco<\/p>\n<\/td>\n<td style=\"width: 153px; text-align: center;\">\n<p>Fortuna de Minas<\/p>\n<\/td>\n<\/tr>\n<tr style=\"text-align: center;\">\n<td style=\"width: 135px; text-align: center;\">\n<p>Guarani<\/p>\n<\/td>\n<td style=\"width: 160px; text-align: center;\">\n<p>Ibirit\u00e9<\/p>\n<\/td>\n<td style=\"width: 122px; text-align: center;\">\n<p>Itaverava<\/p>\n<\/td>\n<td style=\"width: 153px; text-align: center;\">\n<p>Jeceaba<\/p>\n<\/td>\n<\/tr>\n<tr style=\"text-align: center;\">\n<td style=\"width: 135px; text-align: center;\">\n<p>Jesu\u00e2nia<\/p>\n<\/td>\n<td style=\"width: 160px; text-align: center;\">\n<p>Morada Nova de Minas<\/p>\n<\/td>\n<td style=\"width: 122px; text-align: center;\">\n<p>Munhoz<\/p>\n<\/td>\n<td style=\"width: 153px; text-align: center;\">\n<p>Nova Ponte<\/p>\n<\/td>\n<\/tr>\n<tr style=\"text-align: center;\">\n<td style=\"width: 135px; text-align: center;\">\n<p>Parais\u00f3polis<\/p>\n<\/td>\n<td style=\"width: 160px; text-align: center;\">\n<p>Patroc\u00ednio<\/p>\n<\/td>\n<td style=\"width: 122px; text-align: center;\">\n<p>Pedra Azul<\/p>\n<\/td>\n<td style=\"width: 153px; text-align: center;\">\n<p>Presidente Kubitschek<\/p>\n<\/td>\n<\/tr>\n<tr style=\"text-align: center;\">\n<td style=\"width: 135px; text-align: center;\">\n<p>Presidente Oleg\u00e1rio<\/p>\n<\/td>\n<td style=\"width: 160px; text-align: center;\">\n<p>Queluzito<\/p>\n<\/td>\n<td style=\"width: 122px; text-align: center;\">\n<p>Riachinho<\/p>\n<\/td>\n<td style=\"width: 153px; text-align: center;\">\n<p>Rio Acima<\/p>\n<\/td>\n<\/tr>\n<tr style=\"text-align: center;\">\n<td style=\"width: 135px; text-align: center;\">\n<p>Rio Casca<\/p>\n<\/td>\n<td style=\"width: 160px; text-align: center;\">\n<p>Rio Parana\u00edba<\/p>\n<\/td>\n<td style=\"width: 122px; text-align: center;\">\n<p>Rio Piracicaba<\/p>\n<\/td>\n<td style=\"width: 153px; text-align: center;\">\n<p>Sacramento<\/p>\n<\/td>\n<\/tr>\n<tr style=\"text-align: center;\">\n<td style=\"width: 135px; text-align: center;\">\n<p>Santa Margarida<\/p>\n<\/td>\n<td style=\"width: 160px; text-align: center;\">\n<p>Santa Maria do Sua\u00e7u\u00ed<\/p>\n<\/td>\n<td style=\"width: 122px; text-align: center;\">\n<p>Senhora do Porto<\/p>\n<\/td>\n<td style=\"width: 153px; text-align: center;\">\n<p>Serra do Salitre<\/p>\n<\/td>\n<\/tr>\n<tr>\n<td style=\"width: 135px; text-align: center;\">\n<p>Varj\u00e3o de Minas<\/p>\n<\/td>\n<td style=\"width: 160px; text-align: center;\">&nbsp;<\/td>\n<td style=\"width: 122px; text-align: center;\">&nbsp;<\/td>\n<td style=\"width: 153px; text-align: center;\">&nbsp;<\/td>\n<\/tr>\n<\/tbody>\n<\/table>\n<p>&nbsp;<\/p>\n<p>&nbsp;<\/p>\n<p>Fonte: Assessoria&nbsp;<\/p>\n<p>&nbsp;<\/p>\n<p>&nbsp;<\/p>\n<p>&nbsp;<\/p>\n","protected":false},"excerpt":{"rendered":"<p>O governador Fernando Pimentel entregou nessa sexta-feira, 6, no Pal\u00e1cio da Liberdade, em Belo Horizonte, 50 ve\u00edculos para 37 munic\u00edpios mineiros. Entre eles, est\u00e3o ambul\u00e2ncias, minivans de sete lugares e autom\u00f3veis convencionais. Ao todo, foram investidos R$3,4 milh\u00f5es para a compra dos ve\u00edculos. Os recursos s\u00e3o provenientes de emendas parlamentares de deputados estaduais mineiros. Em [&hellip;]<\/p>\n","protected":false},"author":96,"featured_media":95830,"comment_status":"closed","ping_status":"closed","sticky":false,"template":"","format":"standard","meta":{"footnotes":""},"categories":[252],"tags":[],"class_list":["post-95831","post","type-post","status-publish","format-standard","has-post-thumbnail","hentry","category-regiao"],"_links":{"self":[{"href":"https:\/\/diarioregionaldigital.com.br\/index.php?rest_route=\/wp\/v2\/posts\/95831","targetHints":{"allow":["GET"]}}],"collection":[{"href":"https:\/\/diarioregionaldigital.com.br\/index.php?rest_route=\/wp\/v2\/posts"}],"about":[{"href":"https:\/\/diarioregionaldigital.com.br\/index.php?rest_route=\/wp\/v2\/types\/post"}],"author":[{"embeddable":true,"href":"https:\/\/diarioregionaldigital.com.br\/index.php?rest_route=\/wp\/v2\/users\/96"}],"replies":[{"embeddable":true,"href":"https:\/\/diarioregionaldigital.com.br\/index.php?rest_route=%2Fwp%2Fv2%2Fcomments&post=95831"}],"version-history":[{"count":0,"href":"https:\/\/diarioregionaldigital.com.br\/index.php?rest_route=\/wp\/v2\/posts\/95831\/revisions"}],"wp:featuredmedia":[{"embeddable":true,"href":"https:\/\/diarioregionaldigital.com.br\/index.php?rest_route=\/wp\/v2\/media\/95830"}],"wp:attachment":[{"href":"https:\/\/diarioregionaldigital.com.br\/index.php?rest_route=%2Fwp%2Fv2%2Fmedia&parent=95831"}],"wp:term":[{"taxonomy":"category","embeddable":true,"href":"https:\/\/diarioregionaldigital.com.br\/index.php?rest_route=%2Fwp%2Fv2%2Fcategories&post=95831"},{"taxonomy":"post_tag","embeddable":true,"href":"https:\/\/diarioregionaldigital.com.br\/index.php?rest_route=%2Fwp%2Fv2%2Ftags&post=95831"}],"curies":[{"name":"wp","href":"https:\/\/api.w.org\/{rel}","templated":true}]}}