{"id":95829,"date":"2018-04-07T03:39:23","date_gmt":"2018-04-07T06:39:23","guid":{"rendered":"http:\/\/diarioregionaljf.com.br\/2018\/04\/07\/settra-disponibiliza-onibus-especiais-e-altera-transito-para-o-festeja-juiz-de-fora\/"},"modified":"2018-04-07T03:39:23","modified_gmt":"2018-04-07T06:39:23","slug":"settra-disponibiliza-onibus-especiais-e-altera-transito-para-o-festeja-juiz-de-fora","status":"publish","type":"post","link":"https:\/\/diarioregionaldigital.com.br\/?p=95829","title":{"rendered":"Settra disponibiliza \u00f4nibus especiais e altera tr\u00e2nsito para o \u201cFesteja Juiz de Fora\u201d"},"content":{"rendered":"<p>Para atender o p\u00fablico do \u201cFesteja Juiz de Fora\u201d, nesse s\u00e1bado, 7, no Parque de Exposi\u00e7\u00f5es, a Secretaria de Transporte e Tr\u00e2nsito (Settra) da Prefeitura de Juiz de Fora (PJF) disponibilizar\u00e1 atendimento especial do transporte coletivo urbano e far\u00e1 altera\u00e7\u00e3o no tr\u00e2nsito da regi\u00e3o onde o evento ser\u00e1 realizado. Assim, a partir das 21h, a Rua Ven\u00e2ncio de Carvalho estar\u00e1 interditada totalmente. A Avenida Rodrigues Garcia Paes, entre as ruas Ven\u00e2ncio de Carvalho e Hon\u00f3rio de Brito, ter\u00e1 altera\u00e7\u00e3o de circula\u00e7\u00e3o, operando em m\u00e3o \u00fanica. A Avenida Garcia Rodrigues Paes (Acesso Norte), nos dois sentidos, ap\u00f3s o trevo pr\u00f3ximo ao Parque de Exposi\u00e7\u00f5es, ficar\u00e1 reservada para o estacionamento de \u00f4nibus.<\/p>\n<h4>&nbsp;<\/h4>\n<h4>TRANSPORTE COLETIVO<\/h4>\n<p>Ser\u00e3o ofertados dez ve\u00edculos da linha 750, a partir das 22h. Depois das 3h come\u00e7ar\u00e3o a operar outros dois ve\u00edculos da linha 780. Os \u00f4nibus estar\u00e3o identificados como \u201cParque de Exposi\u00e7\u00e3o\u201d, exceto os da linha 780, que ter\u00e1 um ve\u00edculo como \u201cBenfica\u201d e outro como \u201cSanta Cruz\u201d. O trajeto das linhas ser\u00e1 feito da seguinte forma:<\/p>\n<p><strong>750 &#8211; Parque de Exposi\u00e7\u00e3o<\/strong><br \/><strong>Centro\/bairro:<\/strong> avenidas Get\u00falio Vargas, Presidente Itamar Franco e Bar\u00e3o do Rio Branco, Rua Am\u00e9rico Lobo, Ponte Domingos Alves Pereira, Avenida Brasil e Acesso Norte, at\u00e9 o Trevo de Barbosa Lage (retorno).<\/p>\n<p><strong>Bairro\/Centro:<\/strong> Avenida Garcia Rodrigues Paes &#8211; entrada do Parque de Exposi\u00e7\u00e3o (Acesso Norte); ruas Coronel Vidal e Henrique Burnier, avenidas Brasil, Bar\u00e3o do Rio Branco e Get\u00falio Vargas.<\/p>\n<p><strong>Linhas 780 &#8211; Santa Cruz\/ Benfica<\/strong><br \/><strong>Parque de Exposi\u00e7\u00e3o\/Benfica<\/strong>: Avenida Presidente Juscelino Kubitschek, ruas Martins Barbosa, Paulo Garcia, In\u00eas Garcia, Evaristo da Veiga e Martins Barbosa, Avenida Pedro Timponi, ruas Henrique Dias, Francisco Esteves de Oliveira, Vit\u00f3rio Perobelli, Jo\u00e3o Louren\u00e7o Marcelino, Jo\u00e3o Diniz Pippa e Evaristo da Veiga.<\/p>\n<p><strong>Benfica\/Parque de Exposi\u00e7\u00e3o:<\/strong> ruas Evaristo da Veiga, Henrique Dias, Diogo \u00c1lvares, Tom\u00e9 de Souza e Avenida Presidente Juscelino Kubitschek.<\/p>\n<p><strong>Parque de Exposi\u00e7\u00e3o\/Santa Cruz:<\/strong> avenidas Presidente Juscelino Kubitschek e Sime\u00e3o de Faria, ruas Doutor Ant\u00f4nio Mour\u00e3o Guimar\u00e3es, Fel\u00edcio Manoel de Oliveira e Maria da Concei\u00e7\u00e3o Marinho.<\/p>\n<p><strong>Santa Cruz\/Parque de Exposi\u00e7\u00e3o<\/strong>: ruas Maria da Concei\u00e7\u00e3o Marinho, Jos\u00e9 Rubens Moreira, Justino Gomes Monteiro e Miguel Marinho, avenidas Sime\u00e3o de Faria e Presidente Juscelino Kubitschek.<\/p>\n<p>Fonte: Assessoria<\/p>\n","protected":false},"excerpt":{"rendered":"<p>Para atender o p\u00fablico do \u201cFesteja Juiz de Fora\u201d, nesse s\u00e1bado, 7, no Parque de Exposi\u00e7\u00f5es, a Secretaria de Transporte e Tr\u00e2nsito (Settra) da Prefeitura de Juiz de Fora (PJF) disponibilizar\u00e1 atendimento especial do transporte coletivo urbano e far\u00e1 altera\u00e7\u00e3o no tr\u00e2nsito da regi\u00e3o onde o evento ser\u00e1 realizado. Assim, a partir das 21h, a [&hellip;]<\/p>\n","protected":false},"author":96,"featured_media":95828,"comment_status":"closed","ping_status":"closed","sticky":false,"template":"","format":"standard","meta":{"footnotes":""},"categories":[253],"tags":[],"class_list":["post-95829","post","type-post","status-publish","format-standard","has-post-thumbnail","hentry","category-cidade"],"_links":{"self":[{"href":"https:\/\/diarioregionaldigital.com.br\/index.php?rest_route=\/wp\/v2\/posts\/95829","targetHints":{"allow":["GET"]}}],"collection":[{"href":"https:\/\/diarioregionaldigital.com.br\/index.php?rest_route=\/wp\/v2\/posts"}],"about":[{"href":"https:\/\/diarioregionaldigital.com.br\/index.php?rest_route=\/wp\/v2\/types\/post"}],"author":[{"embeddable":true,"href":"https:\/\/diarioregionaldigital.com.br\/index.php?rest_route=\/wp\/v2\/users\/96"}],"replies":[{"embeddable":true,"href":"https:\/\/diarioregionaldigital.com.br\/index.php?rest_route=%2Fwp%2Fv2%2Fcomments&post=95829"}],"version-history":[{"count":0,"href":"https:\/\/diarioregionaldigital.com.br\/index.php?rest_route=\/wp\/v2\/posts\/95829\/revisions"}],"wp:featuredmedia":[{"embeddable":true,"href":"https:\/\/diarioregionaldigital.com.br\/index.php?rest_route=\/wp\/v2\/media\/95828"}],"wp:attachment":[{"href":"https:\/\/diarioregionaldigital.com.br\/index.php?rest_route=%2Fwp%2Fv2%2Fmedia&parent=95829"}],"wp:term":[{"taxonomy":"category","embeddable":true,"href":"https:\/\/diarioregionaldigital.com.br\/index.php?rest_route=%2Fwp%2Fv2%2Fcategories&post=95829"},{"taxonomy":"post_tag","embeddable":true,"href":"https:\/\/diarioregionaldigital.com.br\/index.php?rest_route=%2Fwp%2Fv2%2Ftags&post=95829"}],"curies":[{"name":"wp","href":"https:\/\/api.w.org\/{rel}","templated":true}]}}