{"id":95825,"date":"2018-04-07T00:18:52","date_gmt":"2018-04-07T03:18:52","guid":{"rendered":"http:\/\/diarioregionaljf.com.br\/2018\/04\/07\/fashion-news-08-de-abril-de-2018\/"},"modified":"2018-04-07T00:18:52","modified_gmt":"2018-04-07T03:18:52","slug":"fashion-news-08-de-abril-de-2018","status":"publish","type":"post","link":"https:\/\/diarioregionaldigital.com.br\/?p=95825","title":{"rendered":"FASHION NEWS &#8211; 08 de abril de 2018"},"content":{"rendered":"<h4 style=\"text-align: center;\">SPFW<\/h4>\n<p style=\"text-align: center;\">A 45\u00aa edi\u00e7\u00e3o do S\u00e3o Paulo Fashion Week&nbsp;acontece ainda este m\u00eas, dos dias 21 a 26,&nbsp;inspirado no pensamento do estilista Conrado&nbsp;Segreto. A lista completa das marcas j\u00e1 foi divulgada, entre&nbsp;as que passam a fazer parte do evento est\u00e3o: Beira e a&nbsp;linha feminina de Jo\u00e3o Pimenta. Osklen, Lilly Sarti, Salinas,&nbsp;Ronaldo Fraga, Lenny Niemeyer s\u00e3o marcas que marcar\u00e3o&nbsp;presen\u00e7a em mais uma edi\u00e7\u00e3o. As datas e hor\u00e1rios de cada desfile ainda n\u00e3o foi divulgado.<\/p>\n<p><img loading=\"lazy\" decoding=\"async\" class=\" size-full wp-image-95819\" src=\"http:\/\/diarioregionaljf.com.br\/wp-content\/uploads\/2018\/04\/NEWS.jpeg\" alt=\"NEWS.jpeg\" style=\"display: block; margin-left: auto; margin-right: auto;\" width=\"379\" height=\"450\" srcset=\"https:\/\/diarioregionaldigital.com.br\/wp-content\/uploads\/2018\/04\/NEWS.jpeg 379w, https:\/\/diarioregionaldigital.com.br\/wp-content\/uploads\/2018\/04\/NEWS-253x300.jpeg 253w, https:\/\/diarioregionaldigital.com.br\/wp-content\/uploads\/2018\/04\/NEWS-360x427.jpeg 360w\" sizes=\"auto, (max-width: 379px) 100vw, 379px\" \/><\/p>\n<h4 style=\"text-align: center;\">COMMEDES GAR\u00c7ONS<\/h4>\n<p style=\"text-align: center;\">A Commedes Gar\u00e7ons anuncia, sem muitos detalhes, que&nbsp;lan\u00e7ar\u00e1 uma nova marca, e segundo o an\u00fancio ser\u00e1 baseada&nbsp;na internet. A marca contar\u00e1 com pe\u00e7as mais b\u00e1sicas,&nbsp;tanto femininas quanto masculinas, e pre\u00e7os mais acess\u00edveis.&nbsp;O lan\u00e7amento ser\u00e1 feito primeiramente online, e em seguida, a linha passar\u00e1 a ter suas pr\u00f3prias&nbsp;lojas, que ser\u00e3o seis, mas sem endere\u00e7o divulgado at\u00e9 o momento.<\/p>\n<hr \/>\n<h4 style=\"text-align: center;\">&nbsp;G STAR RAW X JADEN SMITH<\/h4>\n<p style=\"text-align: center;\">A sustentabilidade&nbsp;vem ganhando cada&nbsp;vez mais espa\u00e7o, e \u00e9&nbsp;o forte da pr\u00f3xima cole\u00e7\u00e3o&nbsp;da G-Star Raw&nbsp;em parceria com Jaden&nbsp;Smith. A parceria foi&nbsp;divulgada por Pharrell&nbsp;Williams no Instagram&nbsp;atrav\u00e9s de um v\u00eddeo.&nbsp;Jaden, que tem uma&nbsp;empresa que produz&nbsp;garrafas de \u00e1gua por&nbsp;meio de recursos renov\u00e1veis&nbsp;junto com seu&nbsp;pai, ir\u00e1 elaborar pe\u00e7as&nbsp;totalmente sustent\u00e1veis.&nbsp;A previs\u00e3o de lan\u00e7amento&nbsp;\u00e9 para o final&nbsp;desse ano.<\/p>\n<p><img loading=\"lazy\" decoding=\"async\" class=\" size-full wp-image-95820\" src=\"http:\/\/diarioregionaljf.com.br\/wp-content\/uploads\/2018\/04\/G-STAR-RAW-X-JADEN-SMITH.jpeg\" alt=\"G STAR RAW X JADEN SMITH.jpeg\" style=\"display: block; margin-left: auto; margin-right: auto;\" width=\"680\" height=\"356\" srcset=\"https:\/\/diarioregionaldigital.com.br\/wp-content\/uploads\/2018\/04\/G-STAR-RAW-X-JADEN-SMITH.jpeg 680w, https:\/\/diarioregionaldigital.com.br\/wp-content\/uploads\/2018\/04\/G-STAR-RAW-X-JADEN-SMITH-300x157.jpeg 300w, https:\/\/diarioregionaldigital.com.br\/wp-content\/uploads\/2018\/04\/G-STAR-RAW-X-JADEN-SMITH-360x188.jpeg 360w\" sizes=\"auto, (max-width: 680px) 100vw, 680px\" \/><\/p>\n<hr \/>\n<h4 style=\"text-align: center;\">&nbsp;TRENDS<\/h4>\n<ul>\n<li>\n<h5>STRIPE<\/h5>\n<\/li>\n<\/ul>\n<p style=\"text-align: center;\">Listas s\u00e3o queridinhas&nbsp;e nunca saem de moda,&nbsp;e agora a novidade \u00e9&nbsp;inclui-la na cal\u00e7a jeans.&nbsp;Item b\u00e1sico e obrigat\u00f3rio&nbsp;no guarda-roupa, a&nbsp;cal\u00e7a jeans ganha uma&nbsp;listra lateral, um detalhe&nbsp;que deixa a pe\u00e7a b\u00e1sica&nbsp;mais cool. O detalhe&nbsp;pode ser feito com uma lavagem diferente do&nbsp;pr\u00f3prio jeans ou com tecido&nbsp;e cores diferentes,&nbsp;sendo esse segundo um&nbsp;pouco mais ousado, vale&nbsp;apostar tamb\u00e9m em espessuras&nbsp;diferentes de&nbsp;listras. O detalhe j\u00e1 se&nbsp;tornou queridinho das&nbsp;fashionistas e est\u00e1 em&nbsp;alta no streetstyle.<\/p>\n<p>&nbsp;<\/p>\n<ul>\n<li>\n<h5>T\u00caNIS PRA TODA HORA<\/h5>\n<\/li>\n<\/ul>\n<p style=\"text-align: center;\">A Track and Field est\u00e1&nbsp;num relacionamento s\u00e9rio&nbsp;com a moda street! A&nbsp;marca de roupas esportivas&nbsp;comemora 30 anos&nbsp;e a grande estrela das comemora\u00e7\u00f5es \u00e9 o t\u00eanis&nbsp;1988 T&amp;F, inspirado&nbsp;nos sneakers cl\u00e1ssicos&nbsp;dos anos 80 e ideal para&nbsp;combinar com todos os&nbsp;looks!<\/p>\n<p><img loading=\"lazy\" decoding=\"async\" class=\" size-full wp-image-95821\" src=\"http:\/\/diarioregionaljf.com.br\/wp-content\/uploads\/2018\/04\/TENIS-P-TODA-HORA.jpeg\" alt=\"TENIS P TODA HORA.jpeg\" style=\"display: block; margin-left: auto; margin-right: auto;\" width=\"338\" height=\"450\" srcset=\"https:\/\/diarioregionaldigital.com.br\/wp-content\/uploads\/2018\/04\/TENIS-P-TODA-HORA.jpeg 338w, https:\/\/diarioregionaldigital.com.br\/wp-content\/uploads\/2018\/04\/TENIS-P-TODA-HORA-225x300.jpeg 225w\" sizes=\"auto, (max-width: 338px) 100vw, 338px\" \/><\/p>\n<hr \/>\n<h4 style=\"text-align: center;\">&nbsp;QUEM L\u00ca SABE MAIS<\/h4>\n<ul>\n<li>\n<h5>MODA ILUSTRADA<\/h5>\n<\/li>\n<\/ul>\n<p style=\"text-align: center;\"><img loading=\"lazy\" decoding=\"async\" class=\" size-full wp-image-95822\" src=\"http:\/\/diarioregionaljf.com.br\/wp-content\/uploads\/2018\/04\/QUEM-L%C3%8A-SABE-MAIS.jpg\" alt=\"QUEM L\u00ca SABE MAIS.jpg\" style=\"display: block; margin-left: auto; margin-right: auto;\" width=\"150\" height=\"224\" \/>Interessado em um apanhado acompanhando&nbsp;a linha do tempo&nbsp;acerca da hist\u00f3ria da&nbsp;moda no Brasil? Chega&nbsp;\u00e0s livrarias logo mais o&nbsp;livro \u201cModa Ilustrada\u201d,&nbsp;que foi lan\u00e7ado no Museu de Belas Artes de S\u00e3o&nbsp;Paulo no dia 3 de abril.&nbsp;O livro traz 228 imagens&nbsp;em 260 p\u00e1ginas, sendo&nbsp;organizado por temas&nbsp;como:\u201cRa\u00edzes\u201d, \u201cRuptura\u201d,&nbsp;\u201cContracultura\u201d e&nbsp;\u201cEra Digital\u201d.<\/p>\n<hr \/>\n<h4 style=\"text-align: center;\">&nbsp;PARA ELES<\/h4>\n<ul>\n<li>\n<h5>SEJA CRIATIVO<\/h5>\n<\/li>\n<\/ul>\n<p style=\"text-align: center;\">Armie Hammer, queridinho&nbsp;de Hollywood que&nbsp;deu vida ao personagem&nbsp;Oliver em \u201cMe Chame&nbsp;Pelo Seu Nome\u201d vem investindo&nbsp;num estilo chique-esportivo, Hammer,&nbsp;sempre faz uso de muita&nbsp;alfaiataria, e encontrou&nbsp;uma maneira cool e&nbsp;chic de dar cara nova as&nbsp;suas produ\u00e7\u00f5es, incluindo&nbsp;camisas polo nos&nbsp;looks para fugir do \u00f3bvio&nbsp;e cl\u00e1ssico costume+ camisa. Vale a pena&nbsp;acompanhar o style do&nbsp;ator para se inspirar e&nbsp;renovar os ares para as&nbsp;produ\u00e7\u00f5es di\u00e1rias e esporte&nbsp;fino.<\/p>\n<p><img loading=\"lazy\" decoding=\"async\" class=\" size-full wp-image-95823\" src=\"http:\/\/diarioregionaljf.com.br\/wp-content\/uploads\/2018\/04\/PARA-ELES.jpg\" alt=\"PARA ELES.jpg\" style=\"display: block; margin-left: auto; margin-right: auto;\" width=\"620\" height=\"413\" srcset=\"https:\/\/diarioregionaldigital.com.br\/wp-content\/uploads\/2018\/04\/PARA-ELES.jpg 620w, https:\/\/diarioregionaldigital.com.br\/wp-content\/uploads\/2018\/04\/PARA-ELES-300x200.jpg 300w, https:\/\/diarioregionaldigital.com.br\/wp-content\/uploads\/2018\/04\/PARA-ELES-360x240.jpg 360w\" sizes=\"auto, (max-width: 620px) 100vw, 620px\" \/><\/p>\n<hr \/>\n<h4 style=\"text-align: center;\">&nbsp;RADAR JF<\/h4>\n<p style=\"text-align: center;\">Toninho Sim\u00e3o e Mariana Nader, da Done&nbsp;Produtora de Eventos, nos \u00faltimos ajustes&nbsp;para o Mister Shopping Fashion Days. A Rua Mister Moore ir\u00e1 se transformar numa&nbsp;grande passarela das tend\u00eancias do outono&nbsp;inverno. Alunos do curso de Design de&nbsp;Moda da Est\u00e1cio ser\u00e3o os respons\u00e1veis&nbsp;pelo backstage e egressos ir\u00e3o desfilar&nbsp;suas cole\u00e7\u00f5es. Sucesso!<\/p>\n<hr \/>\n<h4 style=\"text-align: center;\">&nbsp;CLICK IN MODA<\/h4>\n<p style=\"text-align: center;\"><img loading=\"lazy\" decoding=\"async\" class=\" size-full wp-image-95824\" src=\"http:\/\/diarioregionaljf.com.br\/wp-content\/uploads\/2018\/04\/CLICK-IN-MODA.jpg\" alt=\"CLICK IN MODA.jpg\" style=\"display: block; margin-left: auto; margin-right: auto;\" width=\"321\" height=\"450\" srcset=\"https:\/\/diarioregionaldigital.com.br\/wp-content\/uploads\/2018\/04\/CLICK-IN-MODA.jpg 321w, https:\/\/diarioregionaldigital.com.br\/wp-content\/uploads\/2018\/04\/CLICK-IN-MODA-214x300.jpg 214w\" sizes=\"auto, (max-width: 321px) 100vw, 321px\" \/>O click de Henrique Mangeon para a bel\u00edssima&nbsp;Patr\u00edcia Alvim, estrela da campanha da Le Petit Woman. Beleza do Studio Fernanda Galloletti.<\/p>\n<p>&nbsp;<\/p>\n<p>&nbsp;<\/p>\n<p style=\"text-align: center;\"><strong>Colaboradoras: MARIANA MATOS E MARIA EDUARDA VER\u00cdSSIMO<\/strong><\/p>\n","protected":false},"excerpt":{"rendered":"<p>SPFW A 45\u00aa edi\u00e7\u00e3o do S\u00e3o Paulo Fashion Week&nbsp;acontece ainda este m\u00eas, dos dias 21 a 26,&nbsp;inspirado no pensamento do estilista Conrado&nbsp;Segreto. A lista completa das marcas j\u00e1 foi divulgada, entre&nbsp;as que passam a fazer parte do evento est\u00e3o: Beira e a&nbsp;linha feminina de Jo\u00e3o Pimenta. Osklen, Lilly Sarti, Salinas,&nbsp;Ronaldo Fraga, Lenny Niemeyer s\u00e3o marcas [&hellip;]<\/p>\n","protected":false},"author":96,"featured_media":95818,"comment_status":"closed","ping_status":"closed","sticky":false,"template":"","format":"standard","meta":{"footnotes":""},"categories":[285],"tags":[],"class_list":["post-95825","post","type-post","status-publish","format-standard","has-post-thumbnail","hentry","category-moda-ana-paula-calixto"],"_links":{"self":[{"href":"https:\/\/diarioregionaldigital.com.br\/index.php?rest_route=\/wp\/v2\/posts\/95825","targetHints":{"allow":["GET"]}}],"collection":[{"href":"https:\/\/diarioregionaldigital.com.br\/index.php?rest_route=\/wp\/v2\/posts"}],"about":[{"href":"https:\/\/diarioregionaldigital.com.br\/index.php?rest_route=\/wp\/v2\/types\/post"}],"author":[{"embeddable":true,"href":"https:\/\/diarioregionaldigital.com.br\/index.php?rest_route=\/wp\/v2\/users\/96"}],"replies":[{"embeddable":true,"href":"https:\/\/diarioregionaldigital.com.br\/index.php?rest_route=%2Fwp%2Fv2%2Fcomments&post=95825"}],"version-history":[{"count":0,"href":"https:\/\/diarioregionaldigital.com.br\/index.php?rest_route=\/wp\/v2\/posts\/95825\/revisions"}],"wp:featuredmedia":[{"embeddable":true,"href":"https:\/\/diarioregionaldigital.com.br\/index.php?rest_route=\/wp\/v2\/media\/95818"}],"wp:attachment":[{"href":"https:\/\/diarioregionaldigital.com.br\/index.php?rest_route=%2Fwp%2Fv2%2Fmedia&parent=95825"}],"wp:term":[{"taxonomy":"category","embeddable":true,"href":"https:\/\/diarioregionaldigital.com.br\/index.php?rest_route=%2Fwp%2Fv2%2Fcategories&post=95825"},{"taxonomy":"post_tag","embeddable":true,"href":"https:\/\/diarioregionaldigital.com.br\/index.php?rest_route=%2Fwp%2Fv2%2Ftags&post=95825"}],"curies":[{"name":"wp","href":"https:\/\/api.w.org\/{rel}","templated":true}]}}