{"id":95817,"date":"2018-04-06T23:48:16","date_gmt":"2018-04-07T02:48:16","guid":{"rendered":"http:\/\/diarioregionaljf.com.br\/2018\/04\/06\/os-efeitos-da-ressurreicao-de-cristo\/"},"modified":"2018-04-16T08:05:40","modified_gmt":"2018-04-16T11:05:40","slug":"os-efeitos-da-ressurreicao-de-cristo","status":"publish","type":"post","link":"https:\/\/diarioregionaldigital.com.br\/?p=95817","title":{"rendered":"Os Efeitos da Ressurrei\u00e7\u00e3o de Cristo"},"content":{"rendered":"<p>Diante de An\u00e1s de Caif\u00e1s, Pedro faz uma profiss\u00e3o de f\u00e9. Depois de ter curado o paral\u00edtico na Porta Formosa do templo de Jerusal\u00e9m, dizendo \u201couro e prata eu n\u00e3o tenho, mas o que tenho te dou: em nome de Jesus Cristo, o nazareno, levanta-te e anda\u201d (cf At 3,1-10), passou a ser v\u00edtima de persegui\u00e7\u00e3o das autoridades judaicas. Mas, com coragem, diz: \u201ceste homem est\u00e1 curado diante de v\u00f3s, \u00e9 por meio do nome de Jesus Cristo, o Nazareno, que v\u00f3s crucificastes e que Deus ressuscitou dos mortos\u201d (At 4, 10).<\/p>\n<p>A cura feita, sabiam, era obra de Cristo, n\u00e3o de Pedro, pois somente Deus tem o poder de realizar milagres, podendo faz\u00ea-lo pela intermedia\u00e7\u00e3o dos santos.<\/p>\n<p>V\u00ea-se uma s\u00e9rie de efeitos. A coragem inesperada de Pedro e dos demais ap\u00f3stolos, antes medrosos, acanhados, agora sem medo algum e sem nenhuma preocupa\u00e7\u00e3o sobre o que lhes poderia acontecer, anunciam e denunciam, ao ponto das autoridades judaicas contr\u00e1rias diametralmente \u00e0 atua\u00e7\u00e3o deles chegarem \u00e0 admira\u00e7\u00e3o, como afirma o texto sagrado: \u201cos interrogadores ficaram admirados ao verem a coragem de Pedro e Jo\u00e3o, sendo eles pessoas simples e sem instru\u00e7\u00e3o\u201d (Cf At 4, 1- 37). Arrastavam multid\u00f5es, ao ponto de as pr\u00f3prias autoridades dizerem: \u201cEles realizam milagres not\u00f3rios\u201d (At 4, 16).<\/p>\n<p>As palavras de Pedro diante da autoridade era uma verdadeira profiss\u00e3o de f\u00e9 em dois sentidos: cria e ensinava que Cristo havia ressuscitado e ainda que Cristo continuava agindo como antes entre eles. Agora com um corpo, ao mesmo tempo natural e sobrenatural, prossegue fazendo milagres como anteriormente.<\/p>\n<p>A comunidade crist\u00e3 sempre acreditou, ensinou e propagou estas duas verdades. Portanto \u00e9 efeito da ressurrei\u00e7\u00e3o a celebra\u00e7\u00e3o da Eucaristia que os que creem em Cristo celebram todos os dias desde aquele primeiro dia da semana, quando o Senhor apareceu vivo aos ap\u00f3stolos diversas vezes. Cada Missa \u00e9 renova\u00e7\u00e3o daquilo que, por m\u00edstico e divino, n\u00e3o est\u00e1 preso nem ao espa\u00e7o e nem ao tempo: a morte e a ressurrei\u00e7\u00e3o de Cristo.<\/p>\n<p>\u00c9 efeito da ressurrei\u00e7\u00e3o o ato da institui\u00e7\u00e3o do sacramento da reconcilia\u00e7\u00e3o, quando Jesus, naquele mesmo dia, visita os Ap\u00f3stolos fechados no Cen\u00e1culo, por medo dos judeus, e lhe diz: \u201cA paz esteja convosco&#8230; Recebei o Esp\u00edrito Santo.<\/p>\n<p>\u00c0queles a quem perdoardes os pecados ser\u00e3o perdoados, \u00e0queles a quem os retiverdes, eles ser\u00e3o retidos\u201d (Jo 20, 22-23). Tal gesto marca a liturgia do segundo domingo da P\u00e1scoa, quando se l\u00ea este trecho do evangelho, distinguindo o dia com o t\u00edtulo de Domingo da Miseric\u00f3rdia.<\/p>\n<p>\u00c9 tamb\u00e9m efeito da ressurrei\u00e7\u00e3o o aumento da f\u00e9, visualizada na experi\u00eancia de S\u00e3o Tom\u00e9 que n\u00e3o acreditou no testemunho dos disc\u00edpulos sobre a ressurrei\u00e7\u00e3o do Senhor. O Senhor, paciente e bondosamente, comparece oito dias depois no mesmo lugar, para dar ao Ap\u00f3stolo incr\u00e9dulo a certeza da sua revitaliza\u00e7\u00e3o, pedindo-lhe que tocasse com sua m\u00e3o as suas chagas. \u201cN\u00e3o sejas incr\u00e9dulo, Tom\u00e9, mas tenha f\u00e9&#8230; Creste porque me viste? Bem-aventurados os que creem sem terem visto\u201d (cf Jo 20, 24-29).<\/p>\n<p>Os efeitos da ressurrei\u00e7\u00e3o agem tamb\u00e9m nos disc\u00edpulos que passaram a ter consci\u00eancia de partilha e de desapego das coisas materiais, ao ponto de repartirem todos os seus bens com os demais membros da comunidade, n\u00e3o havendo mais pobres entre eles, como est\u00e1 escrito: \u201cA multid\u00e3o dos fi\u00e9is era um s\u00f3 cora\u00e7\u00e3o e uma s\u00f3 alma. Ningu\u00e9m considerava suas as coisas que possu\u00eda, mas tudo era posto em comum\u201d (At 4, 32).<\/p>\n<p>Por fim, o efeito maior da ressurrei\u00e7\u00e3o \u00e9 a certeza de que a vida n\u00e3o termina com a morte, pois fomos criados n\u00e3o para morrer, mas para viver eternamente na casa do Pai, onde reina a felicidade plena e a paz perp\u00e9tua.<\/p>\n","protected":false},"excerpt":{"rendered":"<p>Diante de An\u00e1s de Caif\u00e1s, Pedro faz uma profiss\u00e3o de f\u00e9. Depois de ter curado o paral\u00edtico na Porta Formosa do templo de Jerusal\u00e9m, dizendo \u201couro e prata eu n\u00e3o tenho, mas o que tenho te dou: em nome de Jesus Cristo, o nazareno, levanta-te e anda\u201d (cf At 3,1-10), passou a ser v\u00edtima de [&hellip;]<\/p>\n","protected":false},"author":96,"featured_media":95816,"comment_status":"closed","ping_status":"closed","sticky":false,"template":"","format":"standard","meta":{"footnotes":""},"categories":[276],"tags":[],"class_list":["post-95817","post","type-post","status-publish","format-standard","has-post-thumbnail","hentry","category-dom-gil"],"_links":{"self":[{"href":"https:\/\/diarioregionaldigital.com.br\/index.php?rest_route=\/wp\/v2\/posts\/95817","targetHints":{"allow":["GET"]}}],"collection":[{"href":"https:\/\/diarioregionaldigital.com.br\/index.php?rest_route=\/wp\/v2\/posts"}],"about":[{"href":"https:\/\/diarioregionaldigital.com.br\/index.php?rest_route=\/wp\/v2\/types\/post"}],"author":[{"embeddable":true,"href":"https:\/\/diarioregionaldigital.com.br\/index.php?rest_route=\/wp\/v2\/users\/96"}],"replies":[{"embeddable":true,"href":"https:\/\/diarioregionaldigital.com.br\/index.php?rest_route=%2Fwp%2Fv2%2Fcomments&post=95817"}],"version-history":[{"count":0,"href":"https:\/\/diarioregionaldigital.com.br\/index.php?rest_route=\/wp\/v2\/posts\/95817\/revisions"}],"wp:featuredmedia":[{"embeddable":true,"href":"https:\/\/diarioregionaldigital.com.br\/index.php?rest_route=\/wp\/v2\/media\/95816"}],"wp:attachment":[{"href":"https:\/\/diarioregionaldigital.com.br\/index.php?rest_route=%2Fwp%2Fv2%2Fmedia&parent=95817"}],"wp:term":[{"taxonomy":"category","embeddable":true,"href":"https:\/\/diarioregionaldigital.com.br\/index.php?rest_route=%2Fwp%2Fv2%2Fcategories&post=95817"},{"taxonomy":"post_tag","embeddable":true,"href":"https:\/\/diarioregionaldigital.com.br\/index.php?rest_route=%2Fwp%2Fv2%2Ftags&post=95817"}],"curies":[{"name":"wp","href":"https:\/\/api.w.org\/{rel}","templated":true}]}}