{"id":95815,"date":"2018-04-06T23:34:28","date_gmt":"2018-04-07T02:34:28","guid":{"rendered":"http:\/\/diarioregionaljf.com.br\/2018\/04\/06\/pc-apresenta-suspeito-de-ter-estuprado-seis-sobrinhas\/"},"modified":"2018-04-06T23:34:28","modified_gmt":"2018-04-07T02:34:28","slug":"pc-apresenta-suspeito-de-ter-estuprado-seis-sobrinhas","status":"publish","type":"post","link":"https:\/\/diarioregionaldigital.com.br\/?p=95815","title":{"rendered":"PC apresenta suspeito de ter estuprado seis sobrinhas"},"content":{"rendered":"<p>A Delegacia Especializada de Atendimento a Mulher apresentou na tarde dessa sexta-feira, 6, um homem de 49 anos suspeito de ter estuprado seis sobrinhas em tr\u00eas munic\u00edpios diferente. Conforme a delegada Ione Barbosa, respons\u00e1vel pelo caso, ap\u00f3s a primeira den\u00fancia o investigado teria fugido de Bras\u00edlia com a sua fam\u00edlia e se mudado para Juiz de Fora.<\/p>\n<p>\u201cUm delegado de Bras\u00edlia nos informou que tinha um mandado de pris\u00e3o a ser cumprido tendo em vista seis v\u00edtimas de estupro de vulner\u00e1vel na capital federal, em uma cidade chamada Samambaia e em Paracatu\u201d, explicou Ione. \u201cAs v\u00edtimas seriam sobrinhas do investigado e teriam sido abusadas entre 10 e 11 anos, sendo assim, menores de 14 anos o que configura estupro de vulner\u00e1vel. Al\u00e9m disso, por ele ser tio das v\u00edtimas agrava a pena, que pode chegar a 23 anos\u201d, explicou.<\/p>\n<p>Conforme a delegada, tr\u00eas v\u00edtimas s\u00e3o de Bras\u00edlia, sendo uma jovem de 20 anos, que denunciou o investigado no ano passado e teria sido estuprada aos 10, e duas meninas de 10 e 11 anos, sendo uma abusada em 2009 e a outra em 2012. Duas das outras v\u00edtimas s\u00e3o moradoras de Samambaia e a \u00faltima de Paracatu, cidade natal do investigado. \u201cEle nega todos os fatos, por\u00e9m, essas den\u00fancias serviram de estopim para outras. H\u00e1 outras crian\u00e7as que est\u00e3o procurando a delegacia para denunciar o abuso que foi cometido contra ela\u201d, ressaltou Ione, que disse que ainda n\u00e3o h\u00e1 muita clareza de como surgiu a suspeita que o investigado estaria em Juiz de Fora.<\/p>\n<p>O suspeito vivia na cidade h\u00e1 cerca de tr\u00eas anos e trabalhava como motorista em uma empresa de transporte p\u00fablico de Juiz de Fora. \u201cEle foi preso em casa na manh\u00e3 de quinta-feira, 5, no bairro Cidade do Sol, zona Norte.Agora, vamos investigar se nesse tempo que o suspeito se manteve na cidade ele n\u00e3o teria abusado outras crian\u00e7as, tendo em vista que ele trabalhava normalmente h\u00e1 tr\u00eas anos\u201d, disse Ione.<\/p>\n<p>O investigado ser\u00e1 encaminhado a Bras\u00edlia, revelou a delegada, nos pr\u00f3ximos dias. \u201cEsta semana ele ficar\u00e1 detido no Centro de Remanejamento do Sistema Prisional de Juiz de Fora (Ceresp\/JF)\u201d, afirmou.<\/p>\n","protected":false},"excerpt":{"rendered":"<p>A Delegacia Especializada de Atendimento a Mulher apresentou na tarde dessa sexta-feira, 6, um homem de 49 anos suspeito de ter estuprado seis sobrinhas em tr\u00eas munic\u00edpios diferente. Conforme a delegada Ione Barbosa, respons\u00e1vel pelo caso, ap\u00f3s a primeira den\u00fancia o investigado teria fugido de Bras\u00edlia com a sua fam\u00edlia e se mudado para Juiz [&hellip;]<\/p>\n","protected":false},"author":96,"featured_media":95814,"comment_status":"closed","ping_status":"closed","sticky":false,"template":"","format":"standard","meta":{"footnotes":""},"categories":[253],"tags":[],"class_list":["post-95815","post","type-post","status-publish","format-standard","has-post-thumbnail","hentry","category-cidade"],"_links":{"self":[{"href":"https:\/\/diarioregionaldigital.com.br\/index.php?rest_route=\/wp\/v2\/posts\/95815","targetHints":{"allow":["GET"]}}],"collection":[{"href":"https:\/\/diarioregionaldigital.com.br\/index.php?rest_route=\/wp\/v2\/posts"}],"about":[{"href":"https:\/\/diarioregionaldigital.com.br\/index.php?rest_route=\/wp\/v2\/types\/post"}],"author":[{"embeddable":true,"href":"https:\/\/diarioregionaldigital.com.br\/index.php?rest_route=\/wp\/v2\/users\/96"}],"replies":[{"embeddable":true,"href":"https:\/\/diarioregionaldigital.com.br\/index.php?rest_route=%2Fwp%2Fv2%2Fcomments&post=95815"}],"version-history":[{"count":0,"href":"https:\/\/diarioregionaldigital.com.br\/index.php?rest_route=\/wp\/v2\/posts\/95815\/revisions"}],"wp:featuredmedia":[{"embeddable":true,"href":"https:\/\/diarioregionaldigital.com.br\/index.php?rest_route=\/wp\/v2\/media\/95814"}],"wp:attachment":[{"href":"https:\/\/diarioregionaldigital.com.br\/index.php?rest_route=%2Fwp%2Fv2%2Fmedia&parent=95815"}],"wp:term":[{"taxonomy":"category","embeddable":true,"href":"https:\/\/diarioregionaldigital.com.br\/index.php?rest_route=%2Fwp%2Fv2%2Fcategories&post=95815"},{"taxonomy":"post_tag","embeddable":true,"href":"https:\/\/diarioregionaldigital.com.br\/index.php?rest_route=%2Fwp%2Fv2%2Ftags&post=95815"}],"curies":[{"name":"wp","href":"https:\/\/api.w.org\/{rel}","templated":true}]}}