{"id":95361,"date":"2018-04-06T17:37:29","date_gmt":"2018-04-06T20:37:29","guid":{"rendered":"http:\/\/diarioregionaljf.com.br\/2018\/04\/06\/como-serao-as-escolas-do-futuro\/"},"modified":"2018-04-16T08:04:56","modified_gmt":"2018-04-16T11:04:56","slug":"como-serao-as-escolas-do-futuro","status":"publish","type":"post","link":"https:\/\/diarioregionaldigital.com.br\/?p=95361","title":{"rendered":"COMO SER\u00c3O AS ESCOLAS DO FUTURO"},"content":{"rendered":"<p>As mudan\u00e7as de grande amplitude que caracterizam a sociedade contempor\u00e2nea v\u00eam causando um impacto de propor\u00e7\u00f5es in\u00e9ditas no campo educacional, particularmente no que concerne \u00e0 juventude. O aumento crescente da demanda por mais escolaridade, a busca por novas forma\u00e7\u00f5es, a necessidade de percursos curriculares mais flex\u00edveis, a exist\u00eancia de recursos pedag\u00f3gicos tecnologicamente avan\u00e7ados, o advento da internet e das redes sociais e a comprovada limita\u00e7\u00e3o das metodologias mais ortodoxas tornam evidente que a escola, como \u00e9 hoje, n\u00e3o atende \u00e0s expectativas e necessidades da juventude brasileira.<\/p>\n<p>60% das profiss\u00f5es de 2019 ainda n\u00e3o existem. \u00c9 preciso preparar os nossos jovens para esse mercado. O conhecimento \u00e9 o maior insumo do s\u00e9culo XXI. \u00c9 ele que vai determinar o sucesso de um profissional. E o maior centro de distribui\u00e7\u00e3o de conhecimento continua sendo a escola.<\/p>\n<p>Ao longo da hist\u00f3ria a escola foi adaptando-se \u00e0s novas tecnologias. Num primeiro momento a educa\u00e7\u00e3o formal era baseada em aulas expositivas, com o enfoque no discurso do professor. Atualmente, temos diversas m\u00eddias educacionais. O grande desafio \u00e9 saber utiliz\u00e1-las de modo eficiente e permitir que elas contribuam com as pr\u00e1ticas pedag\u00f3gicas.<\/p>\n<p>J\u00e1 se fala em quarta revolu\u00e7\u00e3o industrial. S\u00e3o tecnologias capazes de integrar os dom\u00ednios f\u00edsicos, digitais e biol\u00f3gicos da vida humana. Essa revolu\u00e7\u00e3o seria caracterizada pela difus\u00e3o da internet m\u00f3vel, o surgimento dos sensores menores, mais poderosos e mais baratos, e pela intelig\u00eancia artificial e aprendizado da m\u00e1quina. O professor deve atualizar-se nas tecnologias inovadoras e descobrir-se um facilitador do processo educacional, reinventando um conjunto de a\u00e7\u00f5es did\u00e1tico-pedag\u00f3gicas.<\/p>\n<p>Prev\u00ea-se a valoriza\u00e7\u00e3o do ensino t\u00e9cnico-profissional de que o pa\u00eds tanto carece. O ensino m\u00e9dio deve oferecer habilidades e compet\u00eancias aos alunos segundo suas escolhas pessoais \u2013 e de acordo com as varia\u00e7\u00f5es do mercado. \u00c9 o que faz com sucesso o Sistema S desde a d\u00e9cada de 50, com a boa tradi\u00e7\u00e3o dos seus cursos profissionalizantes. Quando o assunto \u00e9 tecnologia aplicada \u00e0 educa\u00e7\u00e3o, o SESI, o SENAI e o SENAC s\u00e3o pioneiros na forma\u00e7\u00e3o dos profissionais do futuro. Essas entidades colocam os jovens em contato com a tecnologia desde cedo e contribuem com a forma\u00e7\u00e3o de adultos mais conectados \u00e0 inova\u00e7\u00e3o. O SESI mant\u00e9m aulas de rob\u00f3tica no curr\u00edculo de 400 de suas escolas de ensino m\u00e9dio e fundamental. H\u00e1 cinco anos, organiza um torneio de Rob\u00f3tica para estudantes de 9 a 16 anos, de escolas p\u00fablicas e particulares, desafiados a criar solu\u00e7\u00f5es inovadoras e construir rob\u00f4s com pe\u00e7as de Lego.<\/p>\n<p>\u00c9 lament\u00e1vel que, em nosso pa\u00eds, ainda faltem investimentos na qualifica\u00e7\u00e3o de professores. Faltam tamb\u00e9m laborat\u00f3rios e bibliotecas. O Brasil tem cerca de 200 mil escolas, a maioria sem bibliotecas e laborat\u00f3rios compat\u00edveis. Diante disso, como oferecer aos nossos educandos a possibilidade de uma educa\u00e7\u00e3o de qualidade? \u00c9 essencial corrigir essas falhas. As sociedades mais bem-sucedidas economicamente e as que alcan\u00e7aram os graus mais elevados de bem-estar s\u00e3o as que mais dominam as v\u00e1rias \u00e1reas do saber. A quest\u00e3o da Educa\u00e7\u00e3o \u00e9 estrat\u00e9gica para atingir o est\u00e1gio de desenvolvimento que almejamos como na\u00e7\u00e3o.<\/p>\n","protected":false},"excerpt":{"rendered":"<p>As mudan\u00e7as de grande amplitude que caracterizam a sociedade contempor\u00e2nea v\u00eam causando um impacto de propor\u00e7\u00f5es in\u00e9ditas no campo educacional, particularmente no que concerne \u00e0 juventude. O aumento crescente da demanda por mais escolaridade, a busca por novas forma\u00e7\u00f5es, a necessidade de percursos curriculares mais flex\u00edveis, a exist\u00eancia de recursos pedag\u00f3gicos tecnologicamente avan\u00e7ados, o advento [&hellip;]<\/p>\n","protected":false},"author":96,"featured_media":95360,"comment_status":"closed","ping_status":"closed","sticky":false,"template":"","format":"standard","meta":{"footnotes":""},"categories":[275,440],"tags":[],"class_list":["post-95361","post","type-post","status-publish","format-standard","has-post-thumbnail","hentry","category-arnaldo-niskier","category-destaques-do-dia"],"_links":{"self":[{"href":"https:\/\/diarioregionaldigital.com.br\/index.php?rest_route=\/wp\/v2\/posts\/95361","targetHints":{"allow":["GET"]}}],"collection":[{"href":"https:\/\/diarioregionaldigital.com.br\/index.php?rest_route=\/wp\/v2\/posts"}],"about":[{"href":"https:\/\/diarioregionaldigital.com.br\/index.php?rest_route=\/wp\/v2\/types\/post"}],"author":[{"embeddable":true,"href":"https:\/\/diarioregionaldigital.com.br\/index.php?rest_route=\/wp\/v2\/users\/96"}],"replies":[{"embeddable":true,"href":"https:\/\/diarioregionaldigital.com.br\/index.php?rest_route=%2Fwp%2Fv2%2Fcomments&post=95361"}],"version-history":[{"count":0,"href":"https:\/\/diarioregionaldigital.com.br\/index.php?rest_route=\/wp\/v2\/posts\/95361\/revisions"}],"wp:featuredmedia":[{"embeddable":true,"href":"https:\/\/diarioregionaldigital.com.br\/index.php?rest_route=\/wp\/v2\/media\/95360"}],"wp:attachment":[{"href":"https:\/\/diarioregionaldigital.com.br\/index.php?rest_route=%2Fwp%2Fv2%2Fmedia&parent=95361"}],"wp:term":[{"taxonomy":"category","embeddable":true,"href":"https:\/\/diarioregionaldigital.com.br\/index.php?rest_route=%2Fwp%2Fv2%2Fcategories&post=95361"},{"taxonomy":"post_tag","embeddable":true,"href":"https:\/\/diarioregionaldigital.com.br\/index.php?rest_route=%2Fwp%2Fv2%2Ftags&post=95361"}],"curies":[{"name":"wp","href":"https:\/\/api.w.org\/{rel}","templated":true}]}}