{"id":95357,"date":"2018-04-06T17:15:00","date_gmt":"2018-04-06T20:15:00","guid":{"rendered":"http:\/\/diarioregionaljf.com.br\/2018\/04\/06\/justica-alema-liberta-puigdemont-apos-pagamento-de-fianca\/"},"modified":"2018-04-10T20:38:23","modified_gmt":"2018-04-10T23:38:23","slug":"justica-alema-liberta-puigdemont-apos-pagamento-de-fianca","status":"publish","type":"post","link":"https:\/\/diarioregionaldigital.com.br\/?p=95357","title":{"rendered":"Justi\u00e7a alem\u00e3 liberta Puigdemont ap\u00f3s pagamento de fian\u00e7a"},"content":{"rendered":"<p>Carles Puigdemont, ex-presidente da Catalunha, piv\u00f4 da crise separatista pela qual a comunidade aut\u00f4noma vem passando nos \u00faltimos meses, foi libertado nessa quinta-feira, 5, na Alemanha. Puigdemont estava preso desde o dia 25 de mar\u00e7o no norte do pa\u00eds, a pedido do Tribunal Supremo espanhol, ap\u00f3s cruzar a fronteira com a Dinamarca.<\/p>\n<p>O Tribunal Territorial de Schleswig-Holstein decidiu nessa quinta-feira que o delito de rebeli\u00e3o, pelo qual Puigdemont \u00e9 acusado pela Justi\u00e7a espanhola, est\u00e1 descartado. O tribunal entende que as acusa\u00e7\u00f5es que pesam contra o catal\u00e3o n\u00e3o seriam pun\u00edveis de acordo com a legisla\u00e7\u00e3o alem\u00e3. Decidiram liberar Puigdemont, ap\u00f3s o pagamento de fian\u00e7a de 75 mil euros, enquanto decidem a respeito do pedido de extradi\u00e7\u00e3o para a Espanha, feito pelo juiz espanhol Pablo Llarena.<\/p>\n<h4>&nbsp;<\/h4>\n<h4>HIST\u00d3RICO<\/h4>\n<p>Desde 1\u00ba de outubro do ano passado, a Espanha se viu imersa no conflito separatista catal\u00e3o. Naquela data, foi realizado um referendo para decidir sobre a independ\u00eancia da Catalunha. O pleito, que n\u00e3o foi reconhecido pelo governo espanhol, teve maioria dos votos pela separa\u00e7\u00e3o da regi\u00e3o.<\/p>\n<p>Ap\u00f3s uma declara\u00e7\u00e3o unilateral de independ\u00eancia (DUI) por parte dos separatistas, o primeiro-ministro espanhol Mariano Rajoy acionou o artigo 155 da Constitui\u00e7\u00e3o, que permitiu suspender temporariamente a autonomia da Catalunha; destituir Puigdemont e diversos conselheiros envolvidos na tentativa independentista; e convocar novas elei\u00e7\u00f5es.<\/p>\n<p>Ap\u00f3s uma campanha turbulenta, o partido de Puigdemont, JuntsXCat (Juntos pela Catalunha), e o Esquerda Republicana da Catalunha (ERC), obtiveram a maioria dos votos e o direito de indicar o novo presidente da regi\u00e3o.<\/p>\n<p>No entanto, Puigdemont, o principal l\u00edder dos separatistas, estava autoexilado na B\u00e9lgica desde o in\u00edcio de novembro do ano passado, com outros quatro ex-conselheiros. Em janeiro deste ano, Puigdemont foi para a Dinamarca. A promotoria da Espanha solicitou, ent\u00e3o, ao Tribunal Supremo, a ativa\u00e7\u00e3o do mandado europeu de deten\u00e7\u00e3o no pa\u00eds. Em mar\u00e7o, foi detido na Alemanha.<\/p>\n<p>Fonte: Ag\u00eancia Brasil<\/p>\n","protected":false},"excerpt":{"rendered":"<p>Carles Puigdemont, ex-presidente da Catalunha, piv\u00f4 da crise separatista pela qual a comunidade aut\u00f4noma vem passando nos \u00faltimos meses, foi libertado nessa quinta-feira, 5, na Alemanha. Puigdemont estava preso desde o dia 25 de mar\u00e7o no norte do pa\u00eds, a pedido do Tribunal Supremo espanhol, ap\u00f3s cruzar a fronteira com a Dinamarca. O Tribunal Territorial [&hellip;]<\/p>\n","protected":false},"author":96,"featured_media":95356,"comment_status":"closed","ping_status":"closed","sticky":false,"template":"","format":"standard","meta":{"footnotes":""},"categories":[302,440],"tags":[],"class_list":["post-95357","post","type-post","status-publish","format-standard","has-post-thumbnail","hentry","category-brasil-mundo","category-destaques-do-dia"],"_links":{"self":[{"href":"https:\/\/diarioregionaldigital.com.br\/index.php?rest_route=\/wp\/v2\/posts\/95357","targetHints":{"allow":["GET"]}}],"collection":[{"href":"https:\/\/diarioregionaldigital.com.br\/index.php?rest_route=\/wp\/v2\/posts"}],"about":[{"href":"https:\/\/diarioregionaldigital.com.br\/index.php?rest_route=\/wp\/v2\/types\/post"}],"author":[{"embeddable":true,"href":"https:\/\/diarioregionaldigital.com.br\/index.php?rest_route=\/wp\/v2\/users\/96"}],"replies":[{"embeddable":true,"href":"https:\/\/diarioregionaldigital.com.br\/index.php?rest_route=%2Fwp%2Fv2%2Fcomments&post=95357"}],"version-history":[{"count":0,"href":"https:\/\/diarioregionaldigital.com.br\/index.php?rest_route=\/wp\/v2\/posts\/95357\/revisions"}],"wp:featuredmedia":[{"embeddable":true,"href":"https:\/\/diarioregionaldigital.com.br\/index.php?rest_route=\/wp\/v2\/media\/95356"}],"wp:attachment":[{"href":"https:\/\/diarioregionaldigital.com.br\/index.php?rest_route=%2Fwp%2Fv2%2Fmedia&parent=95357"}],"wp:term":[{"taxonomy":"category","embeddable":true,"href":"https:\/\/diarioregionaldigital.com.br\/index.php?rest_route=%2Fwp%2Fv2%2Fcategories&post=95357"},{"taxonomy":"post_tag","embeddable":true,"href":"https:\/\/diarioregionaldigital.com.br\/index.php?rest_route=%2Fwp%2Fv2%2Ftags&post=95357"}],"curies":[{"name":"wp","href":"https:\/\/api.w.org\/{rel}","templated":true}]}}