{"id":95355,"date":"2018-04-06T14:56:58","date_gmt":"2018-04-06T17:56:58","guid":{"rendered":"http:\/\/diarioregionaljf.com.br\/2018\/04\/06\/dupla-e-identificada-por-cameras-de-monitoramento-e-presa-apos-assalto-na-zona-sul\/"},"modified":"2018-04-06T14:56:58","modified_gmt":"2018-04-06T17:56:58","slug":"dupla-e-identificada-por-cameras-de-monitoramento-e-presa-apos-assalto-na-zona-sul","status":"publish","type":"post","link":"https:\/\/diarioregionaldigital.com.br\/?p=95355","title":{"rendered":"Dupla \u00e9 identificada por c\u00e2meras de monitoramento e presa ap\u00f3s assalto na zona Sul"},"content":{"rendered":"<p>Um jovem de 18 anos e um homem de 26 foram presos ap\u00f3s assaltarem um rapaz de 21 anos no bairro Alto dos Passos, zona Sul, na madrugada desta sexta-feira, 6. Os autores foram localizados ap\u00f3s serem flagrados por c\u00e2meras do sistema Olho Vivo.<\/p>\n<p>A v\u00edtima relatou que transitava pela Avenida Rio Branco quando foi abordada pela dupla. Armados com facas, os autores anunciaram o roubo e subtra\u00edram o aparelho celular e R$30 do jovem. Na sequ\u00eancia, eles fugiram, mas foram visualizados durante monitoramento do sistema Olho Vivo.<\/p>\n<p>Os autores foram abordados e com eles foram localizadas duas facas. A dupla e os materiais apreendidos foram conduzidos \u00e0 delegacia.<\/p>\n<p>&nbsp;<\/p>\n<h4>OUTRAS OCORR\u00caNCIAS<\/h4>\n<p>Tamb\u00e9m na zona Sul da cidade, um homem de 26 anos teve R$280 roubados por dois homens armados no bairro Ipiranga, na noite dessa quinta-feira, 5. A v\u00edtima relatou que foi abordada pela dupla na Rua Tereza Nogueira Santos. Al\u00e9m da quantia em dinheiro, os autores fugiram levando um celular e uma mochila.<\/p>\n<p>Ainda na noite dessa quinta-feira, 5, um homem de 34 anos foi v\u00edtima de assalto na regi\u00e3o Central da cidade, quando passava pela Rua Francisco Bernardino. Abordado por um indiv\u00edduo armado com faca, ele teve a arma apontada contra seu peito enquanto o assaltante subtraia seu telefone celular e sua carteira, contendo R$55 em dinheiro.<\/p>\n<p>No bairro Ara\u00fajo, zona Norte de Juiz de Fora, quatro pessoas tiveram os celulares roubados por um adolescente de 17 anos. O menor fugiu, mas foi identificado por foto.<\/p>\n<p>&nbsp;<\/p>\n","protected":false},"excerpt":{"rendered":"<p>Um jovem de 18 anos e um homem de 26 foram presos ap\u00f3s assaltarem um rapaz de 21 anos no bairro Alto dos Passos, zona Sul, na madrugada desta sexta-feira, 6. Os autores foram localizados ap\u00f3s serem flagrados por c\u00e2meras do sistema Olho Vivo. A v\u00edtima relatou que transitava pela Avenida Rio Branco quando foi [&hellip;]<\/p>\n","protected":false},"author":96,"featured_media":95354,"comment_status":"closed","ping_status":"closed","sticky":false,"template":"","format":"standard","meta":{"footnotes":""},"categories":[301],"tags":[],"class_list":["post-95355","post","type-post","status-publish","format-standard","has-post-thumbnail","hentry","category-artigos-policiais"],"_links":{"self":[{"href":"https:\/\/diarioregionaldigital.com.br\/index.php?rest_route=\/wp\/v2\/posts\/95355","targetHints":{"allow":["GET"]}}],"collection":[{"href":"https:\/\/diarioregionaldigital.com.br\/index.php?rest_route=\/wp\/v2\/posts"}],"about":[{"href":"https:\/\/diarioregionaldigital.com.br\/index.php?rest_route=\/wp\/v2\/types\/post"}],"author":[{"embeddable":true,"href":"https:\/\/diarioregionaldigital.com.br\/index.php?rest_route=\/wp\/v2\/users\/96"}],"replies":[{"embeddable":true,"href":"https:\/\/diarioregionaldigital.com.br\/index.php?rest_route=%2Fwp%2Fv2%2Fcomments&post=95355"}],"version-history":[{"count":0,"href":"https:\/\/diarioregionaldigital.com.br\/index.php?rest_route=\/wp\/v2\/posts\/95355\/revisions"}],"wp:featuredmedia":[{"embeddable":true,"href":"https:\/\/diarioregionaldigital.com.br\/index.php?rest_route=\/wp\/v2\/media\/95354"}],"wp:attachment":[{"href":"https:\/\/diarioregionaldigital.com.br\/index.php?rest_route=%2Fwp%2Fv2%2Fmedia&parent=95355"}],"wp:term":[{"taxonomy":"category","embeddable":true,"href":"https:\/\/diarioregionaldigital.com.br\/index.php?rest_route=%2Fwp%2Fv2%2Fcategories&post=95355"},{"taxonomy":"post_tag","embeddable":true,"href":"https:\/\/diarioregionaldigital.com.br\/index.php?rest_route=%2Fwp%2Fv2%2Ftags&post=95355"}],"curies":[{"name":"wp","href":"https:\/\/api.w.org\/{rel}","templated":true}]}}