{"id":95353,"date":"2018-04-06T14:43:37","date_gmt":"2018-04-06T17:43:37","guid":{"rendered":"http:\/\/diarioregionaljf.com.br\/2018\/04\/06\/bruno-siqueira-anuncia-intencao-de-concorrer-a-vaga-para-o-senado\/"},"modified":"2018-04-10T20:38:58","modified_gmt":"2018-04-10T23:38:58","slug":"bruno-siqueira-anuncia-intencao-de-concorrer-a-vaga-para-o-senado","status":"publish","type":"post","link":"https:\/\/diarioregionaldigital.com.br\/?p=95353","title":{"rendered":"Bruno Siqueira anuncia inten\u00e7\u00e3o de concorrer a vaga para o Senado"},"content":{"rendered":"<p>Ap\u00f3s se reunir com sua equipe de governo e anunciar a ren\u00fancia \u00e0 Prefeitura Municipal de Juiz de Fora, Bruno Siqueira (MDB) informou na manh\u00e3 desta sexta-feira, 6, a inten\u00e7\u00e3o de concorrer a uma vaga para Senador nas elei\u00e7\u00f5es que ocorrem esse ano. A informa\u00e7\u00e3o foi confirmada atrav\u00e9s de uma coletiva de imprensa na sede municipal do Partido Movimento Democr\u00e1tico Brasileiro (MDB), no bairro Po\u00e7o Rico.<\/p>\n<p>Durante a coletiva o agora j\u00e1 ex-prefeito fez uma avalia\u00e7\u00e3o do tempo que atuou \u00e0 frente da Prefeitura Municipal de Juiz de Fora, destacando as obras realizadas durante a sua gest\u00e3o. Ele tamb\u00e9m criticou duramente o governo da ex-presidente Dilma Rousseff, enalteceu o ex-presidente Itamar Franco e fez perspectivas para o futuro da pol\u00edtica no Brasil.<\/p>\n<p>Bruno Siqueira agora parte para pr\u00e9-campanhas internas dentro do partido MDB a fim de lutar por uma vaga para concorrer ao cargo no Senado. Assembl\u00e9ias do partido est\u00e3o marcadas para os pr\u00f3ximos meses. \u201cVamos lutar dentro do partido pela vaga e caso consigamos, vamos trabalhar e mostrar todos os nossos projetos para popula\u00e7\u00e3o de Minas Gerais, para que ela decida quem ir\u00e1 representar o povo mineiro no Senado\u201d enfatizou Bruno.<\/p>\n<p>\u00c0s 11 horas da manh\u00e3 desta sexta, Bruno Siqueira entregou a carta de ren\u00fancia em uma cerim\u00f4nia no Teatro Paschoal Carlos Magno. Ainda hoje, \u00e0s 14h, na C\u00e2mara Municipal de Vereadores, o at\u00e9 ent\u00e3o vice-prefeito, Ant\u00f4nio Almas (PSDB) ser\u00e1 empossado novo Prefeito de Juiz de Fora.<\/p>\n","protected":false},"excerpt":{"rendered":"<p>Ap\u00f3s se reunir com sua equipe de governo e anunciar a ren\u00fancia \u00e0 Prefeitura Municipal de Juiz de Fora, Bruno Siqueira (MDB) informou na manh\u00e3 desta sexta-feira, 6, a inten\u00e7\u00e3o de concorrer a uma vaga para Senador nas elei\u00e7\u00f5es que ocorrem esse ano. A informa\u00e7\u00e3o foi confirmada atrav\u00e9s de uma coletiva de imprensa na sede [&hellip;]<\/p>\n","protected":false},"author":96,"featured_media":95352,"comment_status":"closed","ping_status":"closed","sticky":false,"template":"","format":"standard","meta":{"footnotes":""},"categories":[440,254],"tags":[],"class_list":["post-95353","post","type-post","status-publish","format-standard","has-post-thumbnail","hentry","category-destaques-do-dia","category-politica"],"_links":{"self":[{"href":"https:\/\/diarioregionaldigital.com.br\/index.php?rest_route=\/wp\/v2\/posts\/95353","targetHints":{"allow":["GET"]}}],"collection":[{"href":"https:\/\/diarioregionaldigital.com.br\/index.php?rest_route=\/wp\/v2\/posts"}],"about":[{"href":"https:\/\/diarioregionaldigital.com.br\/index.php?rest_route=\/wp\/v2\/types\/post"}],"author":[{"embeddable":true,"href":"https:\/\/diarioregionaldigital.com.br\/index.php?rest_route=\/wp\/v2\/users\/96"}],"replies":[{"embeddable":true,"href":"https:\/\/diarioregionaldigital.com.br\/index.php?rest_route=%2Fwp%2Fv2%2Fcomments&post=95353"}],"version-history":[{"count":0,"href":"https:\/\/diarioregionaldigital.com.br\/index.php?rest_route=\/wp\/v2\/posts\/95353\/revisions"}],"wp:featuredmedia":[{"embeddable":true,"href":"https:\/\/diarioregionaldigital.com.br\/index.php?rest_route=\/wp\/v2\/media\/95352"}],"wp:attachment":[{"href":"https:\/\/diarioregionaldigital.com.br\/index.php?rest_route=%2Fwp%2Fv2%2Fmedia&parent=95353"}],"wp:term":[{"taxonomy":"category","embeddable":true,"href":"https:\/\/diarioregionaldigital.com.br\/index.php?rest_route=%2Fwp%2Fv2%2Fcategories&post=95353"},{"taxonomy":"post_tag","embeddable":true,"href":"https:\/\/diarioregionaldigital.com.br\/index.php?rest_route=%2Fwp%2Fv2%2Ftags&post=95353"}],"curies":[{"name":"wp","href":"https:\/\/api.w.org\/{rel}","templated":true}]}}