{"id":95345,"date":"2018-04-06T11:42:25","date_gmt":"2018-04-06T14:42:25","guid":{"rendered":"http:\/\/diarioregionaljf.com.br\/2018\/04\/06\/homem-armado-rouba-mais-de-r-1-mil-em-padaria-no-democrata\/"},"modified":"2018-04-06T11:42:25","modified_gmt":"2018-04-06T14:42:25","slug":"homem-armado-rouba-mais-de-r-1-mil-em-padaria-no-democrata","status":"publish","type":"post","link":"https:\/\/diarioregionaldigital.com.br\/?p=95345","title":{"rendered":"Homem armado rouba mais de R$1 mil em padaria no Democrata"},"content":{"rendered":"<p>Uma padaria, situada na Rua Christovam Molinari, no bairro Democrata, regi\u00e3o Noroeste de Juiz de Fora, foi assaltada por um homem armado na noite dessa quinta-feira, 5.<\/p>\n<p>De acordo com o Boletim de Ocorr\u00eancia (BO) da Pol\u00edcia Militar (PM), o propriet\u00e1rio do estabelecimento relatou que o assaltante, portando uma arma de fogo, anunciou o roubo, vindo a roubar a quantia de R$1,2 mil.<\/p>\n<p>Ap\u00f3s a a\u00e7\u00e3o, o autor fugiu em uma moto.<\/p>\n","protected":false},"excerpt":{"rendered":"<p>Uma padaria, situada na Rua Christovam Molinari, no bairro Democrata, regi\u00e3o Noroeste de Juiz de Fora, foi assaltada por um homem armado na noite dessa quinta-feira, 5. De acordo com o Boletim de Ocorr\u00eancia (BO) da Pol\u00edcia Militar (PM), o propriet\u00e1rio do estabelecimento relatou que o assaltante, portando uma arma de fogo, anunciou o roubo, [&hellip;]<\/p>\n","protected":false},"author":96,"featured_media":95344,"comment_status":"closed","ping_status":"closed","sticky":false,"template":"","format":"standard","meta":{"footnotes":""},"categories":[301],"tags":[],"class_list":["post-95345","post","type-post","status-publish","format-standard","has-post-thumbnail","hentry","category-artigos-policiais"],"_links":{"self":[{"href":"https:\/\/diarioregionaldigital.com.br\/index.php?rest_route=\/wp\/v2\/posts\/95345","targetHints":{"allow":["GET"]}}],"collection":[{"href":"https:\/\/diarioregionaldigital.com.br\/index.php?rest_route=\/wp\/v2\/posts"}],"about":[{"href":"https:\/\/diarioregionaldigital.com.br\/index.php?rest_route=\/wp\/v2\/types\/post"}],"author":[{"embeddable":true,"href":"https:\/\/diarioregionaldigital.com.br\/index.php?rest_route=\/wp\/v2\/users\/96"}],"replies":[{"embeddable":true,"href":"https:\/\/diarioregionaldigital.com.br\/index.php?rest_route=%2Fwp%2Fv2%2Fcomments&post=95345"}],"version-history":[{"count":0,"href":"https:\/\/diarioregionaldigital.com.br\/index.php?rest_route=\/wp\/v2\/posts\/95345\/revisions"}],"wp:featuredmedia":[{"embeddable":true,"href":"https:\/\/diarioregionaldigital.com.br\/index.php?rest_route=\/wp\/v2\/media\/95344"}],"wp:attachment":[{"href":"https:\/\/diarioregionaldigital.com.br\/index.php?rest_route=%2Fwp%2Fv2%2Fmedia&parent=95345"}],"wp:term":[{"taxonomy":"category","embeddable":true,"href":"https:\/\/diarioregionaldigital.com.br\/index.php?rest_route=%2Fwp%2Fv2%2Fcategories&post=95345"},{"taxonomy":"post_tag","embeddable":true,"href":"https:\/\/diarioregionaldigital.com.br\/index.php?rest_route=%2Fwp%2Fv2%2Ftags&post=95345"}],"curies":[{"name":"wp","href":"https:\/\/api.w.org\/{rel}","templated":true}]}}