{"id":95341,"date":"2018-04-06T10:49:50","date_gmt":"2018-04-06T13:49:50","guid":{"rendered":"http:\/\/diarioregionaljf.com.br\/2018\/04\/06\/adolescente-e-detido-por-ameacar-e-agredir-a-avo-no-bairro-dom-bosco\/"},"modified":"2018-04-10T20:40:10","modified_gmt":"2018-04-10T23:40:10","slug":"adolescente-e-detido-por-ameacar-e-agredir-a-avo-no-bairro-dom-bosco","status":"publish","type":"post","link":"https:\/\/diarioregionaldigital.com.br\/?p=95341","title":{"rendered":"Adolescente \u00e9 detido por amea\u00e7ar e agredir a av\u00f3 no bairro Dom Bosco"},"content":{"rendered":"<p>Um adolescente de 17 anos foi detido por amea\u00e7as e agress\u00f5es \u00e0 av\u00f3, de 58 anos, no bairro Dom Bosco, zona Sul de Juiz de Fora, na manh\u00e3 dessa quinta-feira, 5.<\/p>\n<p>Conforme informa\u00e7\u00f5es da Pol\u00edcia Militar (PM), um viatura se deslocou at\u00e9 a resid\u00eancia da fam\u00edlia na Rua Borda da Mata ap\u00f3s receber informa\u00e7\u00f5es de que a v\u00edtima era mantida em c\u00e1rcere privado. No local, a mulher alegou n\u00e3o haver tal crime, mas relatou que sofre amea\u00e7as di\u00e1rias do neto. Ela informou, ainda, j\u00e1 ter sido agredida pelo adolescente com golpes na cabe\u00e7a.<\/p>\n<p>No local os militares apreenderam dois simulacros de arma de fogo feitos em madeira.<\/p>\n<p>O adolescente foi apreendido e conduzido \u00e0 presen\u00e7a da autoridade de pol\u00edcia judici\u00e1ria para as demais provid\u00eancias.<\/p>\n<p>&nbsp;<\/p>\n","protected":false},"excerpt":{"rendered":"<p>Um adolescente de 17 anos foi detido por amea\u00e7as e agress\u00f5es \u00e0 av\u00f3, de 58 anos, no bairro Dom Bosco, zona Sul de Juiz de Fora, na manh\u00e3 dessa quinta-feira, 5. Conforme informa\u00e7\u00f5es da Pol\u00edcia Militar (PM), um viatura se deslocou at\u00e9 a resid\u00eancia da fam\u00edlia na Rua Borda da Mata ap\u00f3s receber informa\u00e7\u00f5es de [&hellip;]<\/p>\n","protected":false},"author":96,"featured_media":95340,"comment_status":"closed","ping_status":"closed","sticky":false,"template":"","format":"standard","meta":{"footnotes":""},"categories":[301,436],"tags":[],"class_list":["post-95341","post","type-post","status-publish","format-standard","has-post-thumbnail","hentry","category-artigos-policiais","category-destaque-da-semana"],"_links":{"self":[{"href":"https:\/\/diarioregionaldigital.com.br\/index.php?rest_route=\/wp\/v2\/posts\/95341","targetHints":{"allow":["GET"]}}],"collection":[{"href":"https:\/\/diarioregionaldigital.com.br\/index.php?rest_route=\/wp\/v2\/posts"}],"about":[{"href":"https:\/\/diarioregionaldigital.com.br\/index.php?rest_route=\/wp\/v2\/types\/post"}],"author":[{"embeddable":true,"href":"https:\/\/diarioregionaldigital.com.br\/index.php?rest_route=\/wp\/v2\/users\/96"}],"replies":[{"embeddable":true,"href":"https:\/\/diarioregionaldigital.com.br\/index.php?rest_route=%2Fwp%2Fv2%2Fcomments&post=95341"}],"version-history":[{"count":0,"href":"https:\/\/diarioregionaldigital.com.br\/index.php?rest_route=\/wp\/v2\/posts\/95341\/revisions"}],"wp:featuredmedia":[{"embeddable":true,"href":"https:\/\/diarioregionaldigital.com.br\/index.php?rest_route=\/wp\/v2\/media\/95340"}],"wp:attachment":[{"href":"https:\/\/diarioregionaldigital.com.br\/index.php?rest_route=%2Fwp%2Fv2%2Fmedia&parent=95341"}],"wp:term":[{"taxonomy":"category","embeddable":true,"href":"https:\/\/diarioregionaldigital.com.br\/index.php?rest_route=%2Fwp%2Fv2%2Fcategories&post=95341"},{"taxonomy":"post_tag","embeddable":true,"href":"https:\/\/diarioregionaldigital.com.br\/index.php?rest_route=%2Fwp%2Fv2%2Ftags&post=95341"}],"curies":[{"name":"wp","href":"https:\/\/api.w.org\/{rel}","templated":true}]}}