{"id":95337,"date":"2018-04-06T08:33:48","date_gmt":"2018-04-06T11:33:48","guid":{"rendered":"http:\/\/diarioregionaljf.com.br\/2018\/04\/06\/profissionais-de-esteticismo-tem-profissao-regulamentada-por-lei\/"},"modified":"2018-04-06T08:33:48","modified_gmt":"2018-04-06T11:33:48","slug":"profissionais-de-esteticismo-tem-profissao-regulamentada-por-lei","status":"publish","type":"post","link":"https:\/\/diarioregionaldigital.com.br\/?p=95337","title":{"rendered":"Profissionais de esteticismo tem profiss\u00e3o regulamentada por lei"},"content":{"rendered":"<p>Esteticistas, cosmet\u00f3logos e t\u00e9cnicos em est\u00e9tica agora s\u00e3o profiss\u00f5es regulamentadas. No Brasil s\u00e3o 10.949 trabalhadores nesse segmento. As mulheres ocupam a maioria das vagas. S\u00e3o 10.512 mulheres e apenas 437 homens de acordo com a Rela\u00e7\u00e3o Anual de Informa\u00e7\u00f5es Sociais de 2016 (Rais). A Lei n\u00ba 13.643 foi publicada no Di\u00e1rio Oficial da Uni\u00e3o.<\/p>\n<p>Dados da Rais mostram que o profissional do sexo masculino ganha em m\u00e9dia R$1.646,29. Enquanto, o do feminino R$1.513,22. E a remunera\u00e7\u00e3o m\u00e9dia nacional \u00e9 R$1.518,19.<\/p>\n<p>S\u00e3o Paulo se destaca como estado que mais gera postos de trabalho com 3.684 trabalhadores na \u00e1rea. Em seguida vem Rio de Janeiro com 2.052 e Minas Gerais, 900 profissionais.<\/p>\n<p>&#8220;A regulamenta\u00e7\u00e3o das profiss\u00f5es vai estabelecer mais seguran\u00e7a nas rela\u00e7\u00f5es comerciais entre profissional e consumidor. E valorizar o trabalhador esteticista&#8221;, afirmou o ministro do Trabalho interino, Helton Yomura.<\/p>\n<p>Uma das exig\u00eancias imposta pela lei \u00e9 a obrigatoriedade do curso t\u00e9cnico ou de n\u00edvel superior se esteticista e cosmet\u00f3logo, em institui\u00e7\u00e3o de ensino no Brasil reconhecida pelo Minist\u00e9rio da Educa\u00e7\u00e3o. No caso do t\u00e9cnico, o profissional tamb\u00e9m pode exercer a profiss\u00e3o com a comprova\u00e7\u00e3o do exerc\u00edcio da atividade h\u00e1 pelo menos tr\u00eas anos.<\/p>\n<p>A lei delimita as compet\u00eancias de cada profissional da est\u00e9tica. O t\u00e9cnico s\u00f3 poder\u00e1 executar determinados procedimentos como aplica\u00e7\u00f5es est\u00e9ticos faciais, corporais e capilares com produtos cosm\u00e9ticos registrados na Ag\u00eancia Nacional de Vigil\u00e2ncia Sanit\u00e1ria (Anvisa).<\/p>\n<p>Enquanto, o esteticista de n\u00edvel superior ter\u00e1 a responsabilidade t\u00e9cnica pelos centros de est\u00e9tica, pelos pareceres t\u00e9cnico-cient\u00edficos, estudos e pesquisas mercadol\u00f3gicas ou experimentais relativos \u00e0 est\u00e9tica e \u00e0 cosmetologia em sua \u00e1rea de atua\u00e7\u00e3o. Tamb\u00e9m pela auditoria, consultoria e assessoria sobre cosm\u00e9ticos e equipamentos espec\u00edficos de est\u00e9tica com registro da Anvisa entre outros.<\/p>\n<p>Os profissionais ter\u00e3o de observar princ\u00edpios \u00e9ticos, rela\u00e7\u00e3o de transpar\u00eancia entre profissional e cliente, atendimento adequado, presta\u00e7\u00e3o de informa\u00e7\u00f5es sobre t\u00e9cnicas, produtos utilizados e or\u00e7amentos dos servi\u00e7os.<br \/>Exige ainda o cumprimento de normas relativas \u00e0 biosseguran\u00e7a e \u00e0 legisla\u00e7\u00e3o sanit\u00e1ria para evitar exposi\u00e7\u00e3o \u00e0 riscos e potenciais danos que possam comprometer a seguran\u00e7a de clientes e demais pessoas envolvidas no atendimento.<\/p>\n<hr \/>\n<p>&nbsp;<\/p>\n","protected":false},"excerpt":{"rendered":"<p>Esteticistas, cosmet\u00f3logos e t\u00e9cnicos em est\u00e9tica agora s\u00e3o profiss\u00f5es regulamentadas. No Brasil s\u00e3o 10.949 trabalhadores nesse segmento. As mulheres ocupam a maioria das vagas. S\u00e3o 10.512 mulheres e apenas 437 homens de acordo com a Rela\u00e7\u00e3o Anual de Informa\u00e7\u00f5es Sociais de 2016 (Rais). A Lei n\u00ba 13.643 foi publicada no Di\u00e1rio Oficial da Uni\u00e3o. Dados [&hellip;]<\/p>\n","protected":false},"author":96,"featured_media":95336,"comment_status":"closed","ping_status":"closed","sticky":false,"template":"","format":"standard","meta":{"footnotes":""},"categories":[261],"tags":[],"class_list":["post-95337","post","type-post","status-publish","format-standard","has-post-thumbnail","hentry","category-economia"],"_links":{"self":[{"href":"https:\/\/diarioregionaldigital.com.br\/index.php?rest_route=\/wp\/v2\/posts\/95337","targetHints":{"allow":["GET"]}}],"collection":[{"href":"https:\/\/diarioregionaldigital.com.br\/index.php?rest_route=\/wp\/v2\/posts"}],"about":[{"href":"https:\/\/diarioregionaldigital.com.br\/index.php?rest_route=\/wp\/v2\/types\/post"}],"author":[{"embeddable":true,"href":"https:\/\/diarioregionaldigital.com.br\/index.php?rest_route=\/wp\/v2\/users\/96"}],"replies":[{"embeddable":true,"href":"https:\/\/diarioregionaldigital.com.br\/index.php?rest_route=%2Fwp%2Fv2%2Fcomments&post=95337"}],"version-history":[{"count":0,"href":"https:\/\/diarioregionaldigital.com.br\/index.php?rest_route=\/wp\/v2\/posts\/95337\/revisions"}],"wp:featuredmedia":[{"embeddable":true,"href":"https:\/\/diarioregionaldigital.com.br\/index.php?rest_route=\/wp\/v2\/media\/95336"}],"wp:attachment":[{"href":"https:\/\/diarioregionaldigital.com.br\/index.php?rest_route=%2Fwp%2Fv2%2Fmedia&parent=95337"}],"wp:term":[{"taxonomy":"category","embeddable":true,"href":"https:\/\/diarioregionaldigital.com.br\/index.php?rest_route=%2Fwp%2Fv2%2Fcategories&post=95337"},{"taxonomy":"post_tag","embeddable":true,"href":"https:\/\/diarioregionaldigital.com.br\/index.php?rest_route=%2Fwp%2Fv2%2Ftags&post=95337"}],"curies":[{"name":"wp","href":"https:\/\/api.w.org\/{rel}","templated":true}]}}