{"id":95333,"date":"2018-04-06T03:57:04","date_gmt":"2018-04-06T06:57:04","guid":{"rendered":"http:\/\/diarioregionaljf.com.br\/2018\/04\/06\/flamengo-anuncia-despedida-de-julio-cesar-contra-o-america-mg-no-maracana\/"},"modified":"2018-04-06T03:57:04","modified_gmt":"2018-04-06T06:57:04","slug":"flamengo-anuncia-despedida-de-julio-cesar-contra-o-america-mg-no-maracana","status":"publish","type":"post","link":"https:\/\/diarioregionaldigital.com.br\/?p=95333","title":{"rendered":"Flamengo anuncia despedida de J\u00falio Cesar contra o Am\u00e9rica-MG, no Maracan\u00e3"},"content":{"rendered":"<p>O Flamengo alterou o local da partida contra o Am\u00e9rica-MG, pela segunda rodada do Brasileir\u00e3o, para promover a despedida de J\u00falio Cesar do clube. Inicialmente, a partida aconteceria na Ilha do Urubu, contudo, o Rubro-Negro optou por oferecer um \u201cadeus\u201d digno ao goleiro que disputou tr\u00eas Copas do Mundo e receber\u00e1 o rival de Belo Horizonte no templo do futebol brasileiro, o Maracan\u00e3.<\/p>\n<p>Para tentar lotar as arquibancadas do Maracan\u00e3, o Flamengo anunciou que haver\u00e1 ingressos sendo vendidos a partir de R$ 15 para s\u00f3cios-torcedores. A expectativa \u00e9 de casa cheia para a despedida do goleiro revelado na G\u00e1vea e recentemente inclu\u00eddo na lista da revista inglesa&nbsp;FourFourTwo&nbsp;dos dez melhores goleiros do s\u00e9culo XXI.<\/p>\n<p>No Brasileir\u00e3o todo jogo \u00e9 uma final. A primeira decis\u00e3o em casa ser\u00e1 contra o Am\u00e9rica-MG, dia 21, no Maracan\u00e3. O \u00faltimo ato da carreira de J\u00falio Cesar.<\/p>\n<p>Julio Cesar entrou em campo com a camisa do Flamengo apenas uma vez nesta temporada. Foi contra o Boavista, no \u00faltimo dia 7 de mar\u00e7o, pelo Campeonato Carioca. Na ocasi\u00e3o, o Rubro-Negro comandado por Paulo C\u00e9sar Carpegiani superou o advers\u00e1rio por 3 a 0.<\/p>\n<p>Aos 38 anos, Julio Cesar iniciou sua trajet\u00f3ria no time profissional do Flamengo quando era apenas um garoto, aos 17. &nbsp;Com a camisa rubro-negra conquistou os Campeonatos Cariocas de 1999, 2000, 2001 e 2004, al\u00e9m da Copa dos Campe\u00f5es de 2001. J\u00e1 defendendo a Sele\u00e7\u00e3o Brasileira foi reserva de Dida em 2006 e titular nas Copas de 2010 e 2014. Venceu duas Copas das Confedera\u00e7\u00f5es e uma Copa Am\u00e9rica com o time canarinho.<\/p>\n","protected":false},"excerpt":{"rendered":"<p>O Flamengo alterou o local da partida contra o Am\u00e9rica-MG, pela segunda rodada do Brasileir\u00e3o, para promover a despedida de J\u00falio Cesar do clube. Inicialmente, a partida aconteceria na Ilha do Urubu, contudo, o Rubro-Negro optou por oferecer um \u201cadeus\u201d digno ao goleiro que disputou tr\u00eas Copas do Mundo e receber\u00e1 o rival de Belo [&hellip;]<\/p>\n","protected":false},"author":96,"featured_media":95332,"comment_status":"closed","ping_status":"closed","sticky":false,"template":"","format":"standard","meta":{"footnotes":""},"categories":[257],"tags":[],"class_list":["post-95333","post","type-post","status-publish","format-standard","has-post-thumbnail","hentry","category-esporte"],"_links":{"self":[{"href":"https:\/\/diarioregionaldigital.com.br\/index.php?rest_route=\/wp\/v2\/posts\/95333","targetHints":{"allow":["GET"]}}],"collection":[{"href":"https:\/\/diarioregionaldigital.com.br\/index.php?rest_route=\/wp\/v2\/posts"}],"about":[{"href":"https:\/\/diarioregionaldigital.com.br\/index.php?rest_route=\/wp\/v2\/types\/post"}],"author":[{"embeddable":true,"href":"https:\/\/diarioregionaldigital.com.br\/index.php?rest_route=\/wp\/v2\/users\/96"}],"replies":[{"embeddable":true,"href":"https:\/\/diarioregionaldigital.com.br\/index.php?rest_route=%2Fwp%2Fv2%2Fcomments&post=95333"}],"version-history":[{"count":0,"href":"https:\/\/diarioregionaldigital.com.br\/index.php?rest_route=\/wp\/v2\/posts\/95333\/revisions"}],"wp:featuredmedia":[{"embeddable":true,"href":"https:\/\/diarioregionaldigital.com.br\/index.php?rest_route=\/wp\/v2\/media\/95332"}],"wp:attachment":[{"href":"https:\/\/diarioregionaldigital.com.br\/index.php?rest_route=%2Fwp%2Fv2%2Fmedia&parent=95333"}],"wp:term":[{"taxonomy":"category","embeddable":true,"href":"https:\/\/diarioregionaldigital.com.br\/index.php?rest_route=%2Fwp%2Fv2%2Fcategories&post=95333"},{"taxonomy":"post_tag","embeddable":true,"href":"https:\/\/diarioregionaldigital.com.br\/index.php?rest_route=%2Fwp%2Fv2%2Ftags&post=95333"}],"curies":[{"name":"wp","href":"https:\/\/api.w.org\/{rel}","templated":true}]}}