{"id":95331,"date":"2018-04-06T03:54:02","date_gmt":"2018-04-06T06:54:02","guid":{"rendered":"http:\/\/diarioregionaljf.com.br\/2018\/04\/06\/uberabinha-fecha-parceria-com-tupi-e-disputara-campeonato-mineiro-sub-15-e-sub-17\/"},"modified":"2018-04-10T20:40:28","modified_gmt":"2018-04-10T23:40:28","slug":"uberabinha-fecha-parceria-com-tupi-e-disputara-campeonato-mineiro-sub-15-e-sub-17","status":"publish","type":"post","link":"https:\/\/diarioregionaldigital.com.br\/?p=95331","title":{"rendered":"Uberabinha fecha parceria com Tupi e disputar\u00e1 Campeonato mineiro sub-15 e sub-17"},"content":{"rendered":"<p>Ap\u00f3s ter desistido da participa\u00e7\u00e3o no Estadual nesta semana, o Uberabinha vai disputar o Campeonato Mineiro nas categorias sub-15 e sub-17. A equipe fechou uma parceria com o Tupi, e vai jogar o campeonato.<\/p>\n<p>De acordo com o diretor de futebol do Galo, Nicanor Pires, e o vice-presidente de Finan\u00e7as, Jarbas Raphael Cruz, a parceria consiste em apoio institucional, al\u00e9m de aux\u00edlio na log\u00edstica e na alimenta\u00e7\u00e3o dos atletas do Uberabinha. O Alvinegro tamb\u00e9m ir\u00e1 buscar investidores para o projeto, j\u00e1 em contato com parceiros da equipe profissional. O acordo, segundo Nicanor, pode significar um pontap\u00e9 inicial para a cria\u00e7\u00e3o de uma categoria de base.<\/p>\n","protected":false},"excerpt":{"rendered":"<p>Ap\u00f3s ter desistido da participa\u00e7\u00e3o no Estadual nesta semana, o Uberabinha vai disputar o Campeonato Mineiro nas categorias sub-15 e sub-17. A equipe fechou uma parceria com o Tupi, e vai jogar o campeonato. De acordo com o diretor de futebol do Galo, Nicanor Pires, e o vice-presidente de Finan\u00e7as, Jarbas Raphael Cruz, a parceria [&hellip;]<\/p>\n","protected":false},"author":96,"featured_media":95330,"comment_status":"closed","ping_status":"closed","sticky":false,"template":"","format":"standard","meta":{"footnotes":""},"categories":[436,257],"tags":[],"class_list":["post-95331","post","type-post","status-publish","format-standard","has-post-thumbnail","hentry","category-destaque-da-semana","category-esporte"],"_links":{"self":[{"href":"https:\/\/diarioregionaldigital.com.br\/index.php?rest_route=\/wp\/v2\/posts\/95331","targetHints":{"allow":["GET"]}}],"collection":[{"href":"https:\/\/diarioregionaldigital.com.br\/index.php?rest_route=\/wp\/v2\/posts"}],"about":[{"href":"https:\/\/diarioregionaldigital.com.br\/index.php?rest_route=\/wp\/v2\/types\/post"}],"author":[{"embeddable":true,"href":"https:\/\/diarioregionaldigital.com.br\/index.php?rest_route=\/wp\/v2\/users\/96"}],"replies":[{"embeddable":true,"href":"https:\/\/diarioregionaldigital.com.br\/index.php?rest_route=%2Fwp%2Fv2%2Fcomments&post=95331"}],"version-history":[{"count":0,"href":"https:\/\/diarioregionaldigital.com.br\/index.php?rest_route=\/wp\/v2\/posts\/95331\/revisions"}],"wp:featuredmedia":[{"embeddable":true,"href":"https:\/\/diarioregionaldigital.com.br\/index.php?rest_route=\/wp\/v2\/media\/95330"}],"wp:attachment":[{"href":"https:\/\/diarioregionaldigital.com.br\/index.php?rest_route=%2Fwp%2Fv2%2Fmedia&parent=95331"}],"wp:term":[{"taxonomy":"category","embeddable":true,"href":"https:\/\/diarioregionaldigital.com.br\/index.php?rest_route=%2Fwp%2Fv2%2Fcategories&post=95331"},{"taxonomy":"post_tag","embeddable":true,"href":"https:\/\/diarioregionaldigital.com.br\/index.php?rest_route=%2Fwp%2Fv2%2Ftags&post=95331"}],"curies":[{"name":"wp","href":"https:\/\/api.w.org\/{rel}","templated":true}]}}