{"id":95329,"date":"2018-04-06T03:45:15","date_gmt":"2018-04-06T06:45:15","guid":{"rendered":"http:\/\/diarioregionaljf.com.br\/2018\/04\/06\/homem-e-preso-apos-desrespeitar-medida-protetiva-em-favor-da-ex-esposa\/"},"modified":"2018-04-06T03:45:15","modified_gmt":"2018-04-06T06:45:15","slug":"homem-e-preso-apos-desrespeitar-medida-protetiva-em-favor-da-ex-esposa","status":"publish","type":"post","link":"https:\/\/diarioregionaldigital.com.br\/?p=95329","title":{"rendered":"Homem \u00e9 preso ap\u00f3s desrespeitar medida protetiva em favor da ex-esposa"},"content":{"rendered":"<p>Um homem de 31 anos foi preso, no in\u00edcio da madrugada dessa \u00faltima quinta-feira, 5, por desrespeitar uma medida protetiva judicial que o pro\u00edbe de se aproximar e manter contato com sua ex-esposa. O rapaz foi detido pela Pol\u00edcia Militar (PM) e o delegado Rangel Martino, que estava de plant\u00e3o e recebeu a ocorr\u00eancia, disse que o homem abordou a ex no Terminal Rodovi\u00e1rio, quando esta chegava de uma viagem, a amea\u00e7ou e furtou sua bagagem.<\/p>\n<p>Rangel Martino esclareceu que para piorar a situa\u00e7\u00e3o do autor, entrou em vigor a altera\u00e7\u00e3o na \u201cLei Maria da Penha\u201d (Lei 11.340\/2006) que torna crime a conduta de desrespeitar medida protetiva de urg\u00eancia, com pena de tr\u00eas 3 meses a dois 2 anos de deten\u00e7\u00e3o.<\/p>\n<p>O delegado detalhou que ap\u00f3s abordar a ex-mulher na rodovi\u00e1ria, o rapaz entrou de forma for\u00e7ada em um t\u00e1xi contratado por ela e que tentou fazer com que o motorista os levasse para a casa dele, mas que o taxista n\u00e3o aceitou, tendo na sequ\u00eancia o autor fugido comas bolsas da v\u00edtima.<\/p>\n<p>Conforme Dr. Rangel, os militares relataram que j\u00e1 detido, o homem afirmou que n\u00e3o entregaria os pertences de sua ex, mas depois acabou revelando o paradeiro da bagagem que havia deixado na resid\u00eancia de um familiar.<\/p>\n<hr \/>\n<p>&nbsp;Fonte: R\u00e1dio Muria\u00e9\/Colabora\u00e7\u00e3o<\/p>\n","protected":false},"excerpt":{"rendered":"<p>Um homem de 31 anos foi preso, no in\u00edcio da madrugada dessa \u00faltima quinta-feira, 5, por desrespeitar uma medida protetiva judicial que o pro\u00edbe de se aproximar e manter contato com sua ex-esposa. O rapaz foi detido pela Pol\u00edcia Militar (PM) e o delegado Rangel Martino, que estava de plant\u00e3o e recebeu a ocorr\u00eancia, disse [&hellip;]<\/p>\n","protected":false},"author":96,"featured_media":95328,"comment_status":"closed","ping_status":"closed","sticky":false,"template":"","format":"standard","meta":{"footnotes":""},"categories":[252],"tags":[],"class_list":["post-95329","post","type-post","status-publish","format-standard","has-post-thumbnail","hentry","category-regiao"],"_links":{"self":[{"href":"https:\/\/diarioregionaldigital.com.br\/index.php?rest_route=\/wp\/v2\/posts\/95329","targetHints":{"allow":["GET"]}}],"collection":[{"href":"https:\/\/diarioregionaldigital.com.br\/index.php?rest_route=\/wp\/v2\/posts"}],"about":[{"href":"https:\/\/diarioregionaldigital.com.br\/index.php?rest_route=\/wp\/v2\/types\/post"}],"author":[{"embeddable":true,"href":"https:\/\/diarioregionaldigital.com.br\/index.php?rest_route=\/wp\/v2\/users\/96"}],"replies":[{"embeddable":true,"href":"https:\/\/diarioregionaldigital.com.br\/index.php?rest_route=%2Fwp%2Fv2%2Fcomments&post=95329"}],"version-history":[{"count":0,"href":"https:\/\/diarioregionaldigital.com.br\/index.php?rest_route=\/wp\/v2\/posts\/95329\/revisions"}],"wp:featuredmedia":[{"embeddable":true,"href":"https:\/\/diarioregionaldigital.com.br\/index.php?rest_route=\/wp\/v2\/media\/95328"}],"wp:attachment":[{"href":"https:\/\/diarioregionaldigital.com.br\/index.php?rest_route=%2Fwp%2Fv2%2Fmedia&parent=95329"}],"wp:term":[{"taxonomy":"category","embeddable":true,"href":"https:\/\/diarioregionaldigital.com.br\/index.php?rest_route=%2Fwp%2Fv2%2Fcategories&post=95329"},{"taxonomy":"post_tag","embeddable":true,"href":"https:\/\/diarioregionaldigital.com.br\/index.php?rest_route=%2Fwp%2Fv2%2Ftags&post=95329"}],"curies":[{"name":"wp","href":"https:\/\/api.w.org\/{rel}","templated":true}]}}