{"id":95325,"date":"2018-04-06T03:42:09","date_gmt":"2018-04-06T06:42:09","guid":{"rendered":"http:\/\/diarioregionaljf.com.br\/2018\/04\/06\/pm-ambiental-recolhe-12-passaros-durante-acao-em-eugenopolis\/"},"modified":"2018-04-06T03:42:09","modified_gmt":"2018-04-06T06:42:09","slug":"pm-ambiental-recolhe-12-passaros-durante-acao-em-eugenopolis","status":"publish","type":"post","link":"https:\/\/diarioregionaldigital.com.br\/?p=95325","title":{"rendered":"PM ambiental recolhe 12 p\u00e1ssaros durante a\u00e7\u00e3o em Eugen\u00f3polis"},"content":{"rendered":"<p>Militares do Grupamento de Muria\u00e9 da PM de Meio Ambiente deflagraram uma opera\u00e7\u00e3o de fiscaliza\u00e7\u00e3o, na cidade de Eugen\u00f3polis, e recolheram 12 p\u00e1ssaros, nessa \u00faltima quinta-feira, 5. Segundo a pol\u00edcia, a a\u00e7\u00e3o partiu de den\u00fancia, e foram constadas irregularidades quanto \u00e0 cria\u00e7\u00e3o das aves, resultando em multas que somaram quase R$ 20 mil aos dois homens &#8211; pai e filho &#8211; envolvidos na ocorr\u00eancia.<\/p>\n<p>De acordo com a PMAmb, o filho, de 32 anos, \u00e9 registrado como criador amador de passeriformes, por\u00e9m sua listagem (plantel) de aves estava desatualizada, configurando infra\u00e7\u00e3o. O homem foi multado em R$12.355,32) e os oitos p\u00e1ssaros recolhidos, sendo um deles com suspeita de adultera\u00e7\u00e3o na anilha.<\/p>\n<p>J\u00e1 de seu pai, foram apreendidas quatro aves. Segundo a pol\u00edcia, o idoso n\u00e3o possui registro de criador amador e foi multado R$7.478,22.<\/p>\n<p><img loading=\"lazy\" decoding=\"async\" class=\" size-full wp-image-95324\" src=\"http:\/\/diarioregionaljf.com.br\/wp-content\/uploads\/2018\/04\/diario-int-25772-1.jpeg\" alt=\"passarinhosmuriae.jpeg\" style=\"display: block; margin-left: auto; margin-right: auto;\" width=\"680\" height=\"450\" srcset=\"https:\/\/diarioregionaldigital.com.br\/wp-content\/uploads\/2018\/04\/diario-int-25772-1.jpeg 680w, https:\/\/diarioregionaldigital.com.br\/wp-content\/uploads\/2018\/04\/diario-int-25772-1-300x199.jpeg 300w, https:\/\/diarioregionaldigital.com.br\/wp-content\/uploads\/2018\/04\/diario-int-25772-1-360x238.jpeg 360w\" sizes=\"auto, (max-width: 680px) 100vw, 680px\" \/><\/p>\n<hr \/>\n<p>&nbsp;Fonte: R\u00e1dio Muria\u00e9\/Colabora\u00e7\u00e3o<\/p>\n","protected":false},"excerpt":{"rendered":"<p>Militares do Grupamento de Muria\u00e9 da PM de Meio Ambiente deflagraram uma opera\u00e7\u00e3o de fiscaliza\u00e7\u00e3o, na cidade de Eugen\u00f3polis, e recolheram 12 p\u00e1ssaros, nessa \u00faltima quinta-feira, 5. Segundo a pol\u00edcia, a a\u00e7\u00e3o partiu de den\u00fancia, e foram constadas irregularidades quanto \u00e0 cria\u00e7\u00e3o das aves, resultando em multas que somaram quase R$ 20 mil aos dois [&hellip;]<\/p>\n","protected":false},"author":96,"featured_media":95323,"comment_status":"closed","ping_status":"closed","sticky":false,"template":"","format":"standard","meta":{"footnotes":""},"categories":[252],"tags":[],"class_list":["post-95325","post","type-post","status-publish","format-standard","has-post-thumbnail","hentry","category-regiao"],"_links":{"self":[{"href":"https:\/\/diarioregionaldigital.com.br\/index.php?rest_route=\/wp\/v2\/posts\/95325","targetHints":{"allow":["GET"]}}],"collection":[{"href":"https:\/\/diarioregionaldigital.com.br\/index.php?rest_route=\/wp\/v2\/posts"}],"about":[{"href":"https:\/\/diarioregionaldigital.com.br\/index.php?rest_route=\/wp\/v2\/types\/post"}],"author":[{"embeddable":true,"href":"https:\/\/diarioregionaldigital.com.br\/index.php?rest_route=\/wp\/v2\/users\/96"}],"replies":[{"embeddable":true,"href":"https:\/\/diarioregionaldigital.com.br\/index.php?rest_route=%2Fwp%2Fv2%2Fcomments&post=95325"}],"version-history":[{"count":0,"href":"https:\/\/diarioregionaldigital.com.br\/index.php?rest_route=\/wp\/v2\/posts\/95325\/revisions"}],"wp:featuredmedia":[{"embeddable":true,"href":"https:\/\/diarioregionaldigital.com.br\/index.php?rest_route=\/wp\/v2\/media\/95323"}],"wp:attachment":[{"href":"https:\/\/diarioregionaldigital.com.br\/index.php?rest_route=%2Fwp%2Fv2%2Fmedia&parent=95325"}],"wp:term":[{"taxonomy":"category","embeddable":true,"href":"https:\/\/diarioregionaldigital.com.br\/index.php?rest_route=%2Fwp%2Fv2%2Fcategories&post=95325"},{"taxonomy":"post_tag","embeddable":true,"href":"https:\/\/diarioregionaldigital.com.br\/index.php?rest_route=%2Fwp%2Fv2%2Ftags&post=95325"}],"curies":[{"name":"wp","href":"https:\/\/api.w.org\/{rel}","templated":true}]}}