{"id":95322,"date":"2018-04-06T03:40:20","date_gmt":"2018-04-06T06:40:20","guid":{"rendered":"http:\/\/diarioregionaljf.com.br\/2018\/04\/06\/danielly-vitoria-chega-a-tunisia-para-disputar-o-mundial-juvenil-de-taekwondo\/"},"modified":"2018-04-06T03:40:20","modified_gmt":"2018-04-06T06:40:20","slug":"danielly-vitoria-chega-a-tunisia-para-disputar-o-mundial-juvenil-de-taekwondo","status":"publish","type":"post","link":"https:\/\/diarioregionaldigital.com.br\/?p=95322","title":{"rendered":"Danielly Vit\u00f3ria chega \u00e0 Tun\u00edsia para disputar o Mundial Juvenil  de Taekwondo"},"content":{"rendered":"<p>Juiz-forana Danielly Vit\u00f3ria, de 14 anos, ir\u00e1 disputar o Mundial Juvenil de Taekwondo, na Tun\u00edsia. Com ela mais onze jovens&nbsp;atletas brasileiros&nbsp; embarcaram nesta quarta-feira, 4, com dever de representar o pa\u00eds no Campeonato Mundial Junior. Na Tun\u00edsia, este grupo se juntou&nbsp; a equipe que j\u00e1 est\u00e1 no local, para disputar o evento de classifica\u00e7\u00e3o para os Jogos Ol\u00edmpicos da Juventude \u2013 YOG. A competi\u00e7\u00e3o mundial ser\u00e1 em Hammamet, entre os dias 9 e 13 de abril, e reunir\u00e1 cerca de 950 taekwondistas, entre 15 e 17 anos.<\/p>\n<p><strong>Conhe\u00e7a a delega\u00e7\u00e3o brasileira que disputar\u00e1 o Mundial Junior:<\/strong><br \/> Danielly Vitoria Gon\u00e7alves Neris \u2013 at\u00e9 42kg<br \/> Cintia Soares Cardoso \u2013 at\u00e9 44kg<br \/> Rosa da Silva Batista de Souza \u2013 at\u00e9 46kg<br \/> Suzanna de Almeida Aquino \u2013 at\u00e9 49kg<br \/> Larissa Nascimento Rossi Santos \u2013 at\u00e9 52kg<br \/> Sandy Camila Leite Macedo \u2013 at\u00e9 55kg<br \/> Giovanna Campos Schardosin \u2013 at\u00e9 59kg<br \/> Livia Borba de Oliveira \u2013 at\u00e9 63kg<br \/> Vander Wolliver \u2013 at\u00e9 45kg<br \/> Pedro Eduardo Mota da Silva \u2013 at\u00e9 48kg<br \/> Gabriel Thomaz Hubner Alves \u2013 at\u00e9 51kg<br \/> Erick Luis Silva \u2013 at\u00e9 55kg<br \/> Gabriel Fabre Ramos \u2013 at\u00e9 59kg<br \/> Marcos Toledo de Souza \u2013 at\u00e9 63kg<br \/> Matheus Carbinatti \u2013 at\u00e9 68kg<br \/> Ronald Silva do Nascimento \u2013 at\u00e9 73kg<br \/> Vitor Candido Porto \u2013 at\u00e9 78kg<br \/> Patrik Pereira Cardoso \u2013 acima de 78kg<br \/> <strong>Equipe t\u00e9cnica:<\/strong><br \/> Rodney Saraiva, Erickson Busatto, F\u00e1bio Louren\u00e7o e Nat\u00e1lia Falavigna \u2013 chefe de equipe.<\/p>\n","protected":false},"excerpt":{"rendered":"<p>Juiz-forana Danielly Vit\u00f3ria, de 14 anos, ir\u00e1 disputar o Mundial Juvenil de Taekwondo, na Tun\u00edsia. Com ela mais onze jovens&nbsp;atletas brasileiros&nbsp; embarcaram nesta quarta-feira, 4, com dever de representar o pa\u00eds no Campeonato Mundial Junior. Na Tun\u00edsia, este grupo se juntou&nbsp; a equipe que j\u00e1 est\u00e1 no local, para disputar o evento de classifica\u00e7\u00e3o para [&hellip;]<\/p>\n","protected":false},"author":96,"featured_media":95321,"comment_status":"closed","ping_status":"closed","sticky":false,"template":"","format":"standard","meta":{"footnotes":""},"categories":[257],"tags":[],"class_list":["post-95322","post","type-post","status-publish","format-standard","has-post-thumbnail","hentry","category-esporte"],"_links":{"self":[{"href":"https:\/\/diarioregionaldigital.com.br\/index.php?rest_route=\/wp\/v2\/posts\/95322","targetHints":{"allow":["GET"]}}],"collection":[{"href":"https:\/\/diarioregionaldigital.com.br\/index.php?rest_route=\/wp\/v2\/posts"}],"about":[{"href":"https:\/\/diarioregionaldigital.com.br\/index.php?rest_route=\/wp\/v2\/types\/post"}],"author":[{"embeddable":true,"href":"https:\/\/diarioregionaldigital.com.br\/index.php?rest_route=\/wp\/v2\/users\/96"}],"replies":[{"embeddable":true,"href":"https:\/\/diarioregionaldigital.com.br\/index.php?rest_route=%2Fwp%2Fv2%2Fcomments&post=95322"}],"version-history":[{"count":0,"href":"https:\/\/diarioregionaldigital.com.br\/index.php?rest_route=\/wp\/v2\/posts\/95322\/revisions"}],"wp:featuredmedia":[{"embeddable":true,"href":"https:\/\/diarioregionaldigital.com.br\/index.php?rest_route=\/wp\/v2\/media\/95321"}],"wp:attachment":[{"href":"https:\/\/diarioregionaldigital.com.br\/index.php?rest_route=%2Fwp%2Fv2%2Fmedia&parent=95322"}],"wp:term":[{"taxonomy":"category","embeddable":true,"href":"https:\/\/diarioregionaldigital.com.br\/index.php?rest_route=%2Fwp%2Fv2%2Fcategories&post=95322"},{"taxonomy":"post_tag","embeddable":true,"href":"https:\/\/diarioregionaldigital.com.br\/index.php?rest_route=%2Fwp%2Fv2%2Ftags&post=95322"}],"curies":[{"name":"wp","href":"https:\/\/api.w.org\/{rel}","templated":true}]}}