{"id":95320,"date":"2018-04-06T03:34:12","date_gmt":"2018-04-06T06:34:12","guid":{"rendered":"http:\/\/diarioregionaljf.com.br\/2018\/04\/06\/stj-rejeita-pedido-de-eduardo-cunha-para-ouvir-51-testemunhas\/"},"modified":"2018-04-06T03:34:12","modified_gmt":"2018-04-06T06:34:12","slug":"stj-rejeita-pedido-de-eduardo-cunha-para-ouvir-51-testemunhas","status":"publish","type":"post","link":"https:\/\/diarioregionaldigital.com.br\/?p=95320","title":{"rendered":"STJ rejeita pedido de Eduardo Cunha para ouvir 51 testemunhas"},"content":{"rendered":"<p>O ministro Antonio Saldanha Palheiro, do Superior Tribunal de Justi\u00e7a (STJ), indeferiu pedido de liminar proposto por advogados do ex-deputado Eduardo Cunha (MDB) para que 51 testemunhas de sua defesa fossem ouvidas na a\u00e7\u00e3o penal que apura desvios de recursos p\u00fablicos de contratos com empreiteiras. O despacho, da semana passada, foi publicado nessa quinta-feira, 5, pelo tribunal.<\/p>\n<p>A 14\u00aa Vara Federal do Rio Grande do Norte, em Natal, j\u00e1 havia negado, em primeira inst\u00e2ncia, a indica\u00e7\u00e3o das testemunhas sem pr\u00e9via justificativa, ap\u00f3s ouvir o Minist\u00e9rio P\u00fablico Federal (MPF). Al\u00e9m disso, fixou em oito o limite m\u00e1ximo de testemunhas por crime imputado ao ex-parlamentar. Por causa disso, a defesa de Cunha recorreu ao Tribunal Regional Federal da 5\u00aa regi\u00e3o (TRF5), que tamb\u00e9m manteve o veto agora confirmado no STJ.<\/p>\n<p>No processo, a defesa de Cunha alegou que exigir justificativa para a indica\u00e7\u00e3o de testemunhas \u00e9 uma \u201cevidente viola\u00e7\u00e3o \u00e0 garantia constitucional \u00e0 ampla defesa\u201d, e que \u201ca complexidade dos fatos imputados na exordial acusat\u00f3ria n\u00e3o s\u00f3 autoriza o extenso rol de testemunhas apresentado, como o exige\u201d. Ao rejeitar a liminar, no entanto, o magistrado afirmou que n\u00e3o houve ilegalidade na impugna\u00e7\u00e3o das testemunhas pelas inst\u00e2ncias inferiores.<\/p>\n<h4>Lava Jato<\/h4>\n<p>As testemunhas requeridas por Eduardo Cunha seriam ouvidas em um processo apurado pela Opera\u00e7\u00e3o Manus, deflagrada no ano passado, e que \u00e9 um desdobramento da Lava Jato. Na a\u00e7\u00e3o, Cunha e o tamb\u00e9m ex-deputado e ex-presidente da C\u00e2mara Henrique Eduardo Alves (MDB) s\u00e3o r\u00e9us pelos crimes de corrup\u00e7\u00e3o, lavagem de dinheiro e organiza\u00e7\u00e3o criminosa. De acordo com a den\u00fancia, os dois emedebistas teriam recebido ao menos R$11,5 milh\u00f5es em propina de empreiteiras que ganharam o contrato para a constru\u00e7\u00e3o do est\u00e1dio Arena Dunas, um dos palcos da Copa do Mundo FIFA 2014.<\/p>\n<hr \/>\n<p>&nbsp;Fonte: Ag\u00eancia Brasil<\/p>\n","protected":false},"excerpt":{"rendered":"<p>O ministro Antonio Saldanha Palheiro, do Superior Tribunal de Justi\u00e7a (STJ), indeferiu pedido de liminar proposto por advogados do ex-deputado Eduardo Cunha (MDB) para que 51 testemunhas de sua defesa fossem ouvidas na a\u00e7\u00e3o penal que apura desvios de recursos p\u00fablicos de contratos com empreiteiras. O despacho, da semana passada, foi publicado nessa quinta-feira, 5, [&hellip;]<\/p>\n","protected":false},"author":96,"featured_media":95319,"comment_status":"closed","ping_status":"closed","sticky":false,"template":"","format":"standard","meta":{"footnotes":""},"categories":[254],"tags":[],"class_list":["post-95320","post","type-post","status-publish","format-standard","has-post-thumbnail","hentry","category-politica"],"_links":{"self":[{"href":"https:\/\/diarioregionaldigital.com.br\/index.php?rest_route=\/wp\/v2\/posts\/95320","targetHints":{"allow":["GET"]}}],"collection":[{"href":"https:\/\/diarioregionaldigital.com.br\/index.php?rest_route=\/wp\/v2\/posts"}],"about":[{"href":"https:\/\/diarioregionaldigital.com.br\/index.php?rest_route=\/wp\/v2\/types\/post"}],"author":[{"embeddable":true,"href":"https:\/\/diarioregionaldigital.com.br\/index.php?rest_route=\/wp\/v2\/users\/96"}],"replies":[{"embeddable":true,"href":"https:\/\/diarioregionaldigital.com.br\/index.php?rest_route=%2Fwp%2Fv2%2Fcomments&post=95320"}],"version-history":[{"count":0,"href":"https:\/\/diarioregionaldigital.com.br\/index.php?rest_route=\/wp\/v2\/posts\/95320\/revisions"}],"wp:featuredmedia":[{"embeddable":true,"href":"https:\/\/diarioregionaldigital.com.br\/index.php?rest_route=\/wp\/v2\/media\/95319"}],"wp:attachment":[{"href":"https:\/\/diarioregionaldigital.com.br\/index.php?rest_route=%2Fwp%2Fv2%2Fmedia&parent=95320"}],"wp:term":[{"taxonomy":"category","embeddable":true,"href":"https:\/\/diarioregionaldigital.com.br\/index.php?rest_route=%2Fwp%2Fv2%2Fcategories&post=95320"},{"taxonomy":"post_tag","embeddable":true,"href":"https:\/\/diarioregionaldigital.com.br\/index.php?rest_route=%2Fwp%2Fv2%2Ftags&post=95320"}],"curies":[{"name":"wp","href":"https:\/\/api.w.org\/{rel}","templated":true}]}}