{"id":95316,"date":"2018-04-06T03:27:59","date_gmt":"2018-04-06T06:27:59","guid":{"rendered":"http:\/\/diarioregionaljf.com.br\/2018\/04\/06\/bolsa-sobe-1-e-dolar-fecha-no-maior-valor-em-11-meses-apos-decisao-do-supremo\/"},"modified":"2018-04-06T03:27:59","modified_gmt":"2018-04-06T06:27:59","slug":"bolsa-sobe-1-e-dolar-fecha-no-maior-valor-em-11-meses-apos-decisao-do-supremo","status":"publish","type":"post","link":"https:\/\/diarioregionaldigital.com.br\/?p=95316","title":{"rendered":"Bolsa sobe 1% e d\u00f3lar fecha no maior valor em 11 meses ap\u00f3s decis\u00e3o do Supremo"},"content":{"rendered":"<p>A bolsa e o d\u00f3lar subiram no dia seguinte \u00e0 decis\u00e3o do Supremo Tribunal Federal (STF) que negou a concess\u00e3o de habeas corpus preventivo ao ex-presidente Luiz In\u00e1cio Lula da Silva. A sess\u00e3o tamb\u00e9m foi influenciada pelo acirramento das tens\u00f5es comerciais entre Estados Unidos e China.<\/p>\n<p>O d\u00f3lar comercial encerrou essa quinta-feira, 5, vendida a R$3,342, com pequena alta de R$0,001 (0,04%). A cota\u00e7\u00e3o est\u00e1 no valor mais alto desde 18 de maio do ano passado (R$3,389). A divisa come\u00e7ou o dia em queda, mas reverteu a tend\u00eancia ao longo da sess\u00e3o \u00e0 medida que os movimentos de compra se intensificaram, pressionando para cima a cota\u00e7\u00e3o da moeda.<\/p>\n<p>Na Bolsa de Valores, o dia foi de recupera\u00e7\u00e3o. Depois de tr\u00eas sess\u00f5es seguidas de queda, o \u00edndice Ibovespa, da Bolsa de Valores de S\u00e3o Paulo, encerrou a sess\u00e3o com alta de 1,01%, aos 85.209 pontos. O indicador come\u00e7ou o dia acima dos 86 mil pontos, mas reduziu o ritmo de alta no decorrer da sess\u00e3o.<\/p>\n<hr \/>\n<p>&nbsp;Fonte: Ag\u00eancia Brasil<\/p>\n","protected":false},"excerpt":{"rendered":"<p>A bolsa e o d\u00f3lar subiram no dia seguinte \u00e0 decis\u00e3o do Supremo Tribunal Federal (STF) que negou a concess\u00e3o de habeas corpus preventivo ao ex-presidente Luiz In\u00e1cio Lula da Silva. A sess\u00e3o tamb\u00e9m foi influenciada pelo acirramento das tens\u00f5es comerciais entre Estados Unidos e China. O d\u00f3lar comercial encerrou essa quinta-feira, 5, vendida a [&hellip;]<\/p>\n","protected":false},"author":96,"featured_media":95315,"comment_status":"closed","ping_status":"closed","sticky":false,"template":"","format":"standard","meta":{"footnotes":""},"categories":[261],"tags":[],"class_list":["post-95316","post","type-post","status-publish","format-standard","has-post-thumbnail","hentry","category-economia"],"_links":{"self":[{"href":"https:\/\/diarioregionaldigital.com.br\/index.php?rest_route=\/wp\/v2\/posts\/95316","targetHints":{"allow":["GET"]}}],"collection":[{"href":"https:\/\/diarioregionaldigital.com.br\/index.php?rest_route=\/wp\/v2\/posts"}],"about":[{"href":"https:\/\/diarioregionaldigital.com.br\/index.php?rest_route=\/wp\/v2\/types\/post"}],"author":[{"embeddable":true,"href":"https:\/\/diarioregionaldigital.com.br\/index.php?rest_route=\/wp\/v2\/users\/96"}],"replies":[{"embeddable":true,"href":"https:\/\/diarioregionaldigital.com.br\/index.php?rest_route=%2Fwp%2Fv2%2Fcomments&post=95316"}],"version-history":[{"count":0,"href":"https:\/\/diarioregionaldigital.com.br\/index.php?rest_route=\/wp\/v2\/posts\/95316\/revisions"}],"wp:featuredmedia":[{"embeddable":true,"href":"https:\/\/diarioregionaldigital.com.br\/index.php?rest_route=\/wp\/v2\/media\/95315"}],"wp:attachment":[{"href":"https:\/\/diarioregionaldigital.com.br\/index.php?rest_route=%2Fwp%2Fv2%2Fmedia&parent=95316"}],"wp:term":[{"taxonomy":"category","embeddable":true,"href":"https:\/\/diarioregionaldigital.com.br\/index.php?rest_route=%2Fwp%2Fv2%2Fcategories&post=95316"},{"taxonomy":"post_tag","embeddable":true,"href":"https:\/\/diarioregionaldigital.com.br\/index.php?rest_route=%2Fwp%2Fv2%2Ftags&post=95316"}],"curies":[{"name":"wp","href":"https:\/\/api.w.org\/{rel}","templated":true}]}}