{"id":95314,"date":"2018-04-06T03:25:31","date_gmt":"2018-04-06T06:25:31","guid":{"rendered":"http:\/\/diarioregionaljf.com.br\/2018\/04\/06\/numero-de-chips-com-acesso-4g-ativados-em-fevereiro-chega-a-2-milhoes\/"},"modified":"2018-04-06T03:25:31","modified_gmt":"2018-04-06T06:25:31","slug":"numero-de-chips-com-acesso-4g-ativados-em-fevereiro-chega-a-2-milhoes","status":"publish","type":"post","link":"https:\/\/diarioregionaldigital.com.br\/?p=95314","title":{"rendered":"N\u00famero de chips com acesso 4G ativados em fevereiro chega a 2 milh\u00f5es"},"content":{"rendered":"<p>Em fevereiro, foram ativados 2 milh\u00f5es de novos chips de 4G, totalizando 107,6 milh\u00f5es de acessos a esse tipo de tecnologia em todo o pa\u00eds. Os n\u00famero fazem parte de um balan\u00e7o divulgado pela Associa\u00e7\u00e3o Brasileira de Telecomunica\u00e7\u00f5es (Telebrasil), que re\u00fane as empresas do setor.<\/p>\n<p>De acordo com a associa\u00e7\u00e3o, a rede de 4G apresentou crescimento de 127% em 12 meses, passando a operar em 3.861 munic\u00edpios no pa\u00eds. \u201cEssa cobertura \u00e9 mais de tr\u00eas vezes superior \u00e0 obriga\u00e7\u00e3o estabelecida nos leil\u00f5es das licen\u00e7as de servi\u00e7os m\u00f3veis, de 1.079 munic\u00edpios\u201d, disse a Telebrasil em nota.<\/p>\n<h4>Cobertura 3G<\/h4>\n<p>O balan\u00e7o mostra ainda que a cobertura de 3G, atinge 5.151 dos 5.570 munic\u00edpios brasileiros. \u201cAo todo, o n\u00famero de acessos 3G chega a 79 milh\u00f5es no Pa\u00eds. A cobertura 3G ultrapassa em muito a obriga\u00e7\u00e3o atual, que \u00e9 de 3.917 munic\u00edpios\u201d, informou a associa\u00e7\u00e3o.<\/p>\n<p>Segundo a Telebrasil, o pa\u00eds conta com 205 milh\u00f5es de acessos \u00e0 internet pela rede m\u00f3vel. \u201cConsiderados os acessos fixos e m\u00f3veis, os dados de fevereiro mostram um total de 234 milh\u00f5es de acessos no pa\u00eds. Destes, 29,3 milh\u00f5es s\u00e3o em banda larga fixa, segmento que cresceu 9% em 12 meses, com 2,4 milh\u00e3o de novos acessos, disse.<\/p>\n<hr \/>\n<p>&nbsp;Fonte: Ag\u00eancia Brasil<\/p>\n","protected":false},"excerpt":{"rendered":"<p>Em fevereiro, foram ativados 2 milh\u00f5es de novos chips de 4G, totalizando 107,6 milh\u00f5es de acessos a esse tipo de tecnologia em todo o pa\u00eds. Os n\u00famero fazem parte de um balan\u00e7o divulgado pela Associa\u00e7\u00e3o Brasileira de Telecomunica\u00e7\u00f5es (Telebrasil), que re\u00fane as empresas do setor. De acordo com a associa\u00e7\u00e3o, a rede de 4G apresentou [&hellip;]<\/p>\n","protected":false},"author":96,"featured_media":95313,"comment_status":"closed","ping_status":"closed","sticky":false,"template":"","format":"standard","meta":{"footnotes":""},"categories":[261],"tags":[],"class_list":["post-95314","post","type-post","status-publish","format-standard","has-post-thumbnail","hentry","category-economia"],"_links":{"self":[{"href":"https:\/\/diarioregionaldigital.com.br\/index.php?rest_route=\/wp\/v2\/posts\/95314","targetHints":{"allow":["GET"]}}],"collection":[{"href":"https:\/\/diarioregionaldigital.com.br\/index.php?rest_route=\/wp\/v2\/posts"}],"about":[{"href":"https:\/\/diarioregionaldigital.com.br\/index.php?rest_route=\/wp\/v2\/types\/post"}],"author":[{"embeddable":true,"href":"https:\/\/diarioregionaldigital.com.br\/index.php?rest_route=\/wp\/v2\/users\/96"}],"replies":[{"embeddable":true,"href":"https:\/\/diarioregionaldigital.com.br\/index.php?rest_route=%2Fwp%2Fv2%2Fcomments&post=95314"}],"version-history":[{"count":0,"href":"https:\/\/diarioregionaldigital.com.br\/index.php?rest_route=\/wp\/v2\/posts\/95314\/revisions"}],"wp:featuredmedia":[{"embeddable":true,"href":"https:\/\/diarioregionaldigital.com.br\/index.php?rest_route=\/wp\/v2\/media\/95313"}],"wp:attachment":[{"href":"https:\/\/diarioregionaldigital.com.br\/index.php?rest_route=%2Fwp%2Fv2%2Fmedia&parent=95314"}],"wp:term":[{"taxonomy":"category","embeddable":true,"href":"https:\/\/diarioregionaldigital.com.br\/index.php?rest_route=%2Fwp%2Fv2%2Fcategories&post=95314"},{"taxonomy":"post_tag","embeddable":true,"href":"https:\/\/diarioregionaldigital.com.br\/index.php?rest_route=%2Fwp%2Fv2%2Ftags&post=95314"}],"curies":[{"name":"wp","href":"https:\/\/api.w.org\/{rel}","templated":true}]}}