{"id":95312,"date":"2018-04-06T03:22:49","date_gmt":"2018-04-06T06:22:49","guid":{"rendered":"http:\/\/diarioregionaljf.com.br\/2018\/04\/06\/mais-de-1-milhao-de-pessoas-ja-pediram-isencao-no-enem-2018\/"},"modified":"2018-04-06T03:22:49","modified_gmt":"2018-04-06T06:22:49","slug":"mais-de-1-milhao-de-pessoas-ja-pediram-isencao-no-enem-2018","status":"publish","type":"post","link":"https:\/\/diarioregionaldigital.com.br\/?p=95312","title":{"rendered":"Mais de 1 milh\u00e3o de pessoas j\u00e1 pediram isen\u00e7\u00e3o no Enem 2018"},"content":{"rendered":"<p>At\u00e9 as 12h dessa quinta-feira, 1,02 milh\u00e3o de pessoas solicitaram isen\u00e7\u00e3o da taxa de inscri\u00e7\u00e3o no Exame Nacional do Ensino M\u00e9dio (Enem) deste ano. O prazo para pedir o benef\u00edcio come\u00e7ou na \u00faltima segunda-feira, 2 e termina no dia 11 de abril. O Instituto Nacional de Estudos e Pesquisas Educacionais An\u00edsio Teixeira (Inep) espera que cerca de 4 milh\u00f5es de pessoas pe\u00e7am a isen\u00e7\u00e3o da taxa.<\/p>\n<p>Neste ano, pela primeira vez o pedido de isen\u00e7\u00e3o da taxa de inscri\u00e7\u00e3o ser\u00e1 feito antes do per\u00edodo de inscri\u00e7\u00e3o. At\u00e9 o ano passado, os dois atos eram feitos simultaneamente. Tamb\u00e9m pela primeira vez os candidatos que tiveram a isen\u00e7\u00e3o no ano passado e faltaram aos dois dias de prova ter\u00e3o que justificar a aus\u00eancia para ter a gratuidade novamente.<\/p>\n<p>Tanto o pedido de isen\u00e7\u00e3o quanto a justificativa de aus\u00eancia devem ser feitas na P\u00e1gina do Enem 2018. Todos os interessados em fazer o Enem 2018, isentos ou n\u00e3o, dever\u00e3o fazer a inscri\u00e7\u00e3o no exame entre 7 e 18 de maio.<\/p>\n<p>O resultado da solicita\u00e7\u00e3o de isen\u00e7\u00e3o ser\u00e1 divulgado no dia 23 de abril. Caso o pedido seja negado, a partir deste mesmo dia e at\u00e9 29 de abril, o interessado poder\u00e1 apresentar novos documentos. O resultado do recurso ser\u00e1 divulgado no dia 5 de maio e, se for negado, o interessado em fazer o Enem 2018 ainda ter\u00e1 a op\u00e7\u00e3o de fazer a inscri\u00e7\u00e3o e pagar a taxa de R$82.<\/p>\n<h4>Quem pode pedir isen\u00e7\u00e3o<\/h4>\n<p>Ser\u00e3o isentos os estudantes que estejam cursando a \u00faltima s\u00e9rie do ensino m\u00e9dio neste ano em escola da rede p\u00fablica, ou que tenha feito todo o ensino m\u00e9dio em escola da rede p\u00fablica ou como bolsista integral na rede privada e tenha renda per capita igual ou inferior a um sal\u00e1rio m\u00ednimo e meio.<\/p>\n<p>Tamb\u00e9m tem isen\u00e7\u00e3o o participante que declarar situa\u00e7\u00e3o de vulnerabilidade socioecon\u00f4mica, por ser membro de fam\u00edlia de baixa renda e que esteja inscrito no Cadastro \u00danico para Programas Sociais do Governo Federal (Cad\u00danico). Neste ano, tamb\u00e9m s\u00e3o isentos os participantes do Exame Nacional para Certifica\u00e7\u00e3o de Compet\u00eancias de Jovens e Adultos (Encceja) de 2017 que tenham atingido a nota m\u00ednima nas provas.<\/p>\n<hr \/>\n<p>&nbsp;Fonte: Ag\u00eancia Brasil<\/p>\n","protected":false},"excerpt":{"rendered":"<p>At\u00e9 as 12h dessa quinta-feira, 1,02 milh\u00e3o de pessoas solicitaram isen\u00e7\u00e3o da taxa de inscri\u00e7\u00e3o no Exame Nacional do Ensino M\u00e9dio (Enem) deste ano. O prazo para pedir o benef\u00edcio come\u00e7ou na \u00faltima segunda-feira, 2 e termina no dia 11 de abril. O Instituto Nacional de Estudos e Pesquisas Educacionais An\u00edsio Teixeira (Inep) espera que [&hellip;]<\/p>\n","protected":false},"author":96,"featured_media":95311,"comment_status":"closed","ping_status":"closed","sticky":false,"template":"","format":"standard","meta":{"footnotes":""},"categories":[302],"tags":[],"class_list":["post-95312","post","type-post","status-publish","format-standard","has-post-thumbnail","hentry","category-brasil-mundo"],"_links":{"self":[{"href":"https:\/\/diarioregionaldigital.com.br\/index.php?rest_route=\/wp\/v2\/posts\/95312","targetHints":{"allow":["GET"]}}],"collection":[{"href":"https:\/\/diarioregionaldigital.com.br\/index.php?rest_route=\/wp\/v2\/posts"}],"about":[{"href":"https:\/\/diarioregionaldigital.com.br\/index.php?rest_route=\/wp\/v2\/types\/post"}],"author":[{"embeddable":true,"href":"https:\/\/diarioregionaldigital.com.br\/index.php?rest_route=\/wp\/v2\/users\/96"}],"replies":[{"embeddable":true,"href":"https:\/\/diarioregionaldigital.com.br\/index.php?rest_route=%2Fwp%2Fv2%2Fcomments&post=95312"}],"version-history":[{"count":0,"href":"https:\/\/diarioregionaldigital.com.br\/index.php?rest_route=\/wp\/v2\/posts\/95312\/revisions"}],"wp:featuredmedia":[{"embeddable":true,"href":"https:\/\/diarioregionaldigital.com.br\/index.php?rest_route=\/wp\/v2\/media\/95311"}],"wp:attachment":[{"href":"https:\/\/diarioregionaldigital.com.br\/index.php?rest_route=%2Fwp%2Fv2%2Fmedia&parent=95312"}],"wp:term":[{"taxonomy":"category","embeddable":true,"href":"https:\/\/diarioregionaldigital.com.br\/index.php?rest_route=%2Fwp%2Fv2%2Fcategories&post=95312"},{"taxonomy":"post_tag","embeddable":true,"href":"https:\/\/diarioregionaldigital.com.br\/index.php?rest_route=%2Fwp%2Fv2%2Ftags&post=95312"}],"curies":[{"name":"wp","href":"https:\/\/api.w.org\/{rel}","templated":true}]}}