{"id":95310,"date":"2018-04-06T03:18:56","date_gmt":"2018-04-06T06:18:56","guid":{"rendered":"http:\/\/diarioregionaljf.com.br\/2018\/04\/06\/propostas-discutidas-em-evento-deverao-aprimorar-estrategias-de-comunicacao-na-ufjf\/"},"modified":"2018-04-06T03:18:56","modified_gmt":"2018-04-06T06:18:56","slug":"propostas-discutidas-em-evento-deverao-aprimorar-estrategias-de-comunicacao-na-ufjf","status":"publish","type":"post","link":"https:\/\/diarioregionaldigital.com.br\/?p=95310","title":{"rendered":"Propostas discutidas em evento dever\u00e3o aprimorar estrat\u00e9gias de comunica\u00e7\u00e3o na UFJF"},"content":{"rendered":"<p>Dez assuntos de interesse da comunidade interna da UFJF e da popula\u00e7\u00e3o foram discutidos no 1\u00ba F\u00f3rum de Comunica\u00e7\u00e3o, entre os dias 2 e 4 de abril. Estudantes, profissionais e servidores da institui\u00e7\u00e3o apresentaram suas d\u00favidas, cr\u00edticas e sugest\u00f5es em rela\u00e7\u00e3o ao trabalho desenvolvido pela Imagem Institucional.<\/p>\n<p>As propostas ser\u00e3o reunidas internamente pela equipe da Imagem e resultar\u00e3o no aprimoramento das estrat\u00e9gias e a\u00e7\u00f5es de comunica\u00e7\u00e3o dentro da Universidade.<\/p>\n<p>Em um dos grupos, a inten\u00e7\u00e3o foi apresentar os meios de comunica\u00e7\u00e3o internos dos dois campi e do Col\u00e9gio Jo\u00e3o XXIII, com destaque para os sites institucionais. O debate girou principalmente em torno dos desafios impostos pela infraestrutura da Universidade e por seus diferentes p\u00fablicos. Entre eles, a escolha de pautas para o Portal que atendam as diferentes demandas da comunidade.<\/p>\n<p>Outra quest\u00e3o enfrentada pelos assessores e jornalistas das universidades \u00e9 a dificuldade de implementa\u00e7\u00e3o de uma pol\u00edtica de comunica\u00e7\u00e3o integrada. Segundo a jornalista Carolina Nalon, a departamentaliza\u00e7\u00e3o e a autonomia das unidades faz com que a institui\u00e7\u00e3o tenha m\u00faltiplos fluxos de comunica\u00e7\u00e3o.<\/p>\n<p>No grupo, o diretor do Centro de Gest\u00e3o do Conhecimento Organizacional (CGCO) Francisco Henrique tamb\u00e9m p\u00f4de falar sobre o atendimento as demandas ligadas a tecnologia da informa\u00e7\u00e3o e apresentar alguns projetos como o desenvolvimento de um aplicativo.<\/p>\n<p>Para a jornalista do campus avan\u00e7ado de Governador Valadares, Gabriella Ramos, \u201cconversar sobre as pr\u00e1ticas e ter contato com outras experi\u00eancias d\u00e1 a possibilidade de aprendermos e incorporar as melhorias dos trabalhos que s\u00e3o realizados\u201d.<\/p>\n<h4>Redes sociais<\/h4>\n<p>Trabalhar o mesmo conte\u00fado para cada plataforma digital foi um dos assuntos abordados no Grupo de Discuss\u00e3o de Redes Sociais. Os jornalistas Raul Mour\u00e3o e Clecius Campos apresentaram os projetos desenvolvidos pelo pr\u00f3prio setor, como a coluna UFJF Oportunidades e o #UFJFnasArtes, e tamb\u00e9m enfatizaram o trabalho conjunto com outros n\u00facleos para a produ\u00e7\u00e3o e veicula\u00e7\u00e3o de materiais institucionais.<\/p>\n<p>Tendo os jovens como p\u00fablico mais numeroso, um dos principais desafios \u00e9 adaptar a linguagem para se aproximar dos estudantes, sem perder o di\u00e1logo com outros segmentos da Universidade. Ana Carolina Fernandes, assessora de Comunica\u00e7\u00e3o da Prefeitura de Ub\u00e1, estava entre os participantes e disse que, apesar do perfil de seguidores diferente, a p\u00e1gina da UFJF \u00e9 uma inspira\u00e7\u00e3o. \u201c\u00c9 bacana ver a iniciativa, ter novas ideias para se basear. O evento \u00e9 muito v\u00e1lido\u201d, ela conclui.<\/p>\n<h4>Inclus\u00e3o das minorias<\/h4>\n<p>O grupo de discuss\u00e3o de propostas de Inclus\u00e3o relatou os desafios de fazer um planejamento de comunica\u00e7\u00e3o voltado para minorias hist\u00f3ricas, como mulheres, negros, LGBTTI, pessoas com defici\u00eancia, entre outros. O debate foi coordenado pelo int\u00e9rprete de Libras Gabriel Martins e pelos jornalistas Aline Avellar e Ricardo Assis.<\/p>\n<p>Foram abordados a forma como a imprensa recebe as pautas inclusivas, as dificuldades para implementar pol\u00edticas de acessibilidade em um cen\u00e1rio de cortes de investimento, assim como a necessidade de estabelecer um di\u00e1logo com as minorias para democratizar as pautas. Debateu-se, ainda, a melhor forma de lidar com gerenciamento de crises e de responder a rea\u00e7\u00f5es negativas de parte do p\u00fablico a campanhas inclusivas.<\/p>\n<p>O encontro recebeu estudantes, jornalistas que atuam na assessoria de institui\u00e7\u00f5es p\u00fablicas, professores e membros do Diret\u00f3rio Central dos Estudantes (DCE) e do Sindicato dos Trabalhadores T\u00e9cnico-Administrativos em Educa\u00e7\u00e3o das Institui\u00e7\u00f5es Federais de Ensino no Munic\u00edpio de Juiz de Fora (Sintufejuf). A iniciativa foi bem recebida pela servidora Elaine Damasceno: \u201cH\u00e1 a necessidade de debater esse tema, ouvir as propostas e implementar melhorias. Todo mundo veio aqui com o mesmo objetivo: buscar um novo olhar, um olhar inclusivo\u201d.<\/p>\n<h4>Cria\u00e7\u00e3o e Produ\u00e7\u00e3o Audiovisual<\/h4>\n<p>O trabalho criativo desenvolvido em projeto gr\u00e1ficos, campanhas e v\u00eddeos foram objeto de discuss\u00e3o de outro grupo, comandado pela equipe de Cria\u00e7\u00e3o e Audiovisual. Foram exibidas pe\u00e7as e v\u00eddeos produzidos na UFJF e abordados os m\u00e9todos de planejamento e de execu\u00e7\u00e3o na tentativa de identificar problemas que sejam comuns a outras institui\u00e7\u00f5es.<\/p>\n<p>A import\u00e2ncia da integra\u00e7\u00e3o foi o ponto central do debate, tanto entre as diferentes equipes de produ\u00e7\u00e3o, para se ter uma campanha mais coesa, quanto entre as unidades dentro da Universidade. Na ocasi\u00e3o foi analisada a situa\u00e7\u00e3o do campus Governador Valadares, criado mais recentemente, e os desafios enfrentados para se estabelecer a identidade da UFJF em seus planos de comunica\u00e7\u00e3o.<\/p>\n<p>Al\u00e9m dos dez grupos, a programa\u00e7\u00e3o do F\u00f3rum contou, ainda, com palestras de especialistas. Os certificados dever\u00e3o ser enviados aos participantes por e-mail.<\/p>\n<hr \/>\n<p>&nbsp;Fonte: Assessoria\/UFJF<\/p>\n","protected":false},"excerpt":{"rendered":"<p>Dez assuntos de interesse da comunidade interna da UFJF e da popula\u00e7\u00e3o foram discutidos no 1\u00ba F\u00f3rum de Comunica\u00e7\u00e3o, entre os dias 2 e 4 de abril. Estudantes, profissionais e servidores da institui\u00e7\u00e3o apresentaram suas d\u00favidas, cr\u00edticas e sugest\u00f5es em rela\u00e7\u00e3o ao trabalho desenvolvido pela Imagem Institucional. As propostas ser\u00e3o reunidas internamente pela equipe da [&hellip;]<\/p>\n","protected":false},"author":96,"featured_media":95309,"comment_status":"closed","ping_status":"closed","sticky":false,"template":"","format":"standard","meta":{"footnotes":""},"categories":[253],"tags":[],"class_list":["post-95310","post","type-post","status-publish","format-standard","has-post-thumbnail","hentry","category-cidade"],"_links":{"self":[{"href":"https:\/\/diarioregionaldigital.com.br\/index.php?rest_route=\/wp\/v2\/posts\/95310","targetHints":{"allow":["GET"]}}],"collection":[{"href":"https:\/\/diarioregionaldigital.com.br\/index.php?rest_route=\/wp\/v2\/posts"}],"about":[{"href":"https:\/\/diarioregionaldigital.com.br\/index.php?rest_route=\/wp\/v2\/types\/post"}],"author":[{"embeddable":true,"href":"https:\/\/diarioregionaldigital.com.br\/index.php?rest_route=\/wp\/v2\/users\/96"}],"replies":[{"embeddable":true,"href":"https:\/\/diarioregionaldigital.com.br\/index.php?rest_route=%2Fwp%2Fv2%2Fcomments&post=95310"}],"version-history":[{"count":0,"href":"https:\/\/diarioregionaldigital.com.br\/index.php?rest_route=\/wp\/v2\/posts\/95310\/revisions"}],"wp:featuredmedia":[{"embeddable":true,"href":"https:\/\/diarioregionaldigital.com.br\/index.php?rest_route=\/wp\/v2\/media\/95309"}],"wp:attachment":[{"href":"https:\/\/diarioregionaldigital.com.br\/index.php?rest_route=%2Fwp%2Fv2%2Fmedia&parent=95310"}],"wp:term":[{"taxonomy":"category","embeddable":true,"href":"https:\/\/diarioregionaldigital.com.br\/index.php?rest_route=%2Fwp%2Fv2%2Fcategories&post=95310"},{"taxonomy":"post_tag","embeddable":true,"href":"https:\/\/diarioregionaldigital.com.br\/index.php?rest_route=%2Fwp%2Fv2%2Ftags&post=95310"}],"curies":[{"name":"wp","href":"https:\/\/api.w.org\/{rel}","templated":true}]}}