{"id":95308,"date":"2018-04-06T03:16:10","date_gmt":"2018-04-06T06:16:10","guid":{"rendered":"http:\/\/diarioregionaljf.com.br\/2018\/04\/06\/marlon-participa-de-adesivacao-de-onibus-urbano-para-conscientizacao-sobre-o-autismo\/"},"modified":"2018-04-06T03:16:10","modified_gmt":"2018-04-06T06:16:10","slug":"marlon-participa-de-adesivacao-de-onibus-urbano-para-conscientizacao-sobre-o-autismo","status":"publish","type":"post","link":"https:\/\/diarioregionaldigital.com.br\/?p=95308","title":{"rendered":"Marlon participa de adesiva\u00e7\u00e3o de \u00f4nibus urbano para conscientiza\u00e7\u00e3o sobre o Autismo"},"content":{"rendered":"<p>Durante todo o m\u00eas de abril, s\u00e3o empenhados esfor\u00e7os de diversos setores da sociedade e entidades para a conscientiza\u00e7\u00e3o sobre o Transtorno do Espectro Autista (TEA). O movimento conhecido como \u201cAbril Azul\u201d ganhou um grande refor\u00e7o em Juiz de Fora: um \u00f4nibus urbano todo adesivado. O vereador Marlon Siqueira (MDB), que intermediou a parceria entre a Prefeitura de Juiz de Fora, o Grupo de Apoio a Profissionais e Pais de Pessoas com Autismo (Gappa) e a empresa Auto Nossa Senhora Aparecida (Ansal), destacou a parceria entre os tr\u00eas setores para promo\u00e7\u00e3o do TEA.<\/p>\n<p>\u201cAutistas t\u00eam direitos e merecem respeito. Queremos dar mais visibilidade e destaque \u00e0 causa, e o \u00f4nibus \u00e9 uma excelente oportunidade de uma exposi\u00e7\u00e3o grande e itinerante, para dezenas de milhares de pessoas diariamente\u201d, explica Marlon. O vereador atentou tamb\u00e9m pela import\u00e2ncia da divulga\u00e7\u00e3o para o diagn\u00f3stico. \u201cSabemos que essa descoberta \u00e9 complexa, muitas vezes, demorada. Por isso, quanto mais gente conhecer o TEA e saber as caracter\u00edsticas do transtorno, teremos mais casos diagnosticados e menos preconceito\u201d.<\/p>\n<p>Dentre as informa\u00e7\u00f5es expostas no ve\u00edculo adesivado, est\u00e1 a divulga\u00e7\u00e3o do s\u00edmbolo do autismo e a import\u00e2ncia de respeitar a prioridade de atendimento ao autista em filas preferenciais, por exemplo. Durante audi\u00eancia p\u00fablica no fim do m\u00eas de mar\u00e7o sobre o tema, esse foi um das pautas mais cobradas. \u201cMuitas pessoas n\u00e3o reconhecem o autismo e nem a necessidade do autista ter o atendimento preferencial. Por isso, \u00e9 sempre importante divulgar essas informa\u00e7\u00f5es \u00e0 sociedade, conscientizar\u201d, apontou Ariene Pereira, presidente do Gappa.<\/p>\n<p>Para aumentar a exposi\u00e7\u00e3o de conte\u00fado, o \u00f4nibus percorrer\u00e1 primeiro a linha 211, do \u201cin\u00edcio ao fim\u201d da Avenida Rio Branco, passando por bairros como Manoel Hon\u00f3rio, Alto dos Passos, Graminha, al\u00e9m da \u00e1rea central. Ap\u00f3s as duas primeiras semanas, ser\u00e1 considerada a troca do itiner\u00e1rio para outras regi\u00f5es da cidade em que a empresa tem a concess\u00e3o do transporte, como a Zona Norte e Zona Nordeste.<\/p>\n<h4>PL quer obriga\u00e7\u00e3o de afixa\u00e7\u00e3o do s\u00edmbolo TEA<\/h4>\n<p>Um Projeto de Lei (PL) proposto em conjunto pelos vereadores Marlon e J\u00falio Obama (PHS) busca tamb\u00e9m chamar aten\u00e7\u00e3o para o direito \u00e0 prioridade. O PL disp\u00f5e sobre a obrigatoriedade de inser\u00e7\u00e3o, nas placas de atendimento priorit\u00e1rio, do s\u00edmbolo mundial da conscientiza\u00e7\u00e3o do Transtorno do Espectro Autista (TEA), o la\u00e7o em forma de quebra-cabe\u00e7as. Assim, as filas em institui\u00e7\u00f5es p\u00fablicas, bancos e supermercados, por exemplo, estar\u00e3o divulgando a prefer\u00eancia de atendimento j\u00e1 assegurada pelas leis federais n.\u00ba 10.048, de 8 de novembro de 2000, e n.\u00ba 12.764, de 27 de dezembro de 2012, que tratam das prioridades de atendimento e enquadra o autismo no grupo de condi\u00e7\u00f5es para o benef\u00edcio, respectivamente.<\/p>\n<p>O projeto est\u00e1 em tramita\u00e7\u00e3o final, e deve ser votado no pr\u00f3ximo per\u00edodo legislativo.<\/p>\n<hr \/>\n<p>&nbsp;Fonte: Assessoria\/CMJF<\/p>\n","protected":false},"excerpt":{"rendered":"<p>Durante todo o m\u00eas de abril, s\u00e3o empenhados esfor\u00e7os de diversos setores da sociedade e entidades para a conscientiza\u00e7\u00e3o sobre o Transtorno do Espectro Autista (TEA). O movimento conhecido como \u201cAbril Azul\u201d ganhou um grande refor\u00e7o em Juiz de Fora: um \u00f4nibus urbano todo adesivado. O vereador Marlon Siqueira (MDB), que intermediou a parceria entre [&hellip;]<\/p>\n","protected":false},"author":96,"featured_media":95307,"comment_status":"closed","ping_status":"closed","sticky":false,"template":"","format":"standard","meta":{"footnotes":""},"categories":[253],"tags":[],"class_list":["post-95308","post","type-post","status-publish","format-standard","has-post-thumbnail","hentry","category-cidade"],"_links":{"self":[{"href":"https:\/\/diarioregionaldigital.com.br\/index.php?rest_route=\/wp\/v2\/posts\/95308","targetHints":{"allow":["GET"]}}],"collection":[{"href":"https:\/\/diarioregionaldigital.com.br\/index.php?rest_route=\/wp\/v2\/posts"}],"about":[{"href":"https:\/\/diarioregionaldigital.com.br\/index.php?rest_route=\/wp\/v2\/types\/post"}],"author":[{"embeddable":true,"href":"https:\/\/diarioregionaldigital.com.br\/index.php?rest_route=\/wp\/v2\/users\/96"}],"replies":[{"embeddable":true,"href":"https:\/\/diarioregionaldigital.com.br\/index.php?rest_route=%2Fwp%2Fv2%2Fcomments&post=95308"}],"version-history":[{"count":0,"href":"https:\/\/diarioregionaldigital.com.br\/index.php?rest_route=\/wp\/v2\/posts\/95308\/revisions"}],"wp:featuredmedia":[{"embeddable":true,"href":"https:\/\/diarioregionaldigital.com.br\/index.php?rest_route=\/wp\/v2\/media\/95307"}],"wp:attachment":[{"href":"https:\/\/diarioregionaldigital.com.br\/index.php?rest_route=%2Fwp%2Fv2%2Fmedia&parent=95308"}],"wp:term":[{"taxonomy":"category","embeddable":true,"href":"https:\/\/diarioregionaldigital.com.br\/index.php?rest_route=%2Fwp%2Fv2%2Fcategories&post=95308"},{"taxonomy":"post_tag","embeddable":true,"href":"https:\/\/diarioregionaldigital.com.br\/index.php?rest_route=%2Fwp%2Fv2%2Ftags&post=95308"}],"curies":[{"name":"wp","href":"https:\/\/api.w.org\/{rel}","templated":true}]}}