{"id":95306,"date":"2018-04-06T03:12:38","date_gmt":"2018-04-06T06:12:38","guid":{"rendered":"http:\/\/diarioregionaljf.com.br\/2018\/04\/06\/segunda-edicao-da-feira-de-discos-chega-ao-museu-ferroviario-no-domingo\/"},"modified":"2018-04-06T03:12:38","modified_gmt":"2018-04-06T06:12:38","slug":"segunda-edicao-da-feira-de-discos-chega-ao-museu-ferroviario-no-domingo","status":"publish","type":"post","link":"https:\/\/diarioregionaldigital.com.br\/?p=95306","title":{"rendered":"Segunda edi\u00e7\u00e3o da \u201cFeira de Discos\u201d chega ao Museu Ferrovi\u00e1rio no domingo"},"content":{"rendered":"<p>Uma tarde marcada por encontros de artistas, colecionadores e curiosos sobre a cultura de discos. A \u201c2\u00aa Feira de Discos de Juiz de Fora\u201d est\u00e1 marcada para domingo, 8, das 13h \u00e0s 20 horas, no Museu Ferrovi\u00e1rio.<\/p>\n<p>O local receber\u00e1 artistas regionais e de outros estados, como a banda carioca \u201cBeach Combers\u201d, que tocar\u00e1 seu novo \u00e1lbum \u201cBeach Attack&#8221;, lan\u00e7ado em vinil, K7 e CD. Ainda na programa\u00e7\u00e3o, apresenta\u00e7\u00f5es individuais de cinco DJs: Kureb, Deriz, Planta, Machintal e Karango, al\u00e9m do trio \u201cGira Brazil\u201d, com Fl\u00e1vio Barros, Andr\u00e9riot e Costemplatte. A entrada ser\u00e1 gratuita, pela Avenida Brasil, 2.001, Centro.<\/p>\n<p>Na feira, al\u00e9m de curtir as apresenta\u00e7\u00f5es, o p\u00fablico poder\u00e1 conferir a exposi\u00e7\u00e3o de fotos do artista S\u00e9rgio Meirelles e prestigiar o lan\u00e7amento do livro \u201cTranscaetano\u201d, de Pedro Teixeira. Haver\u00e1 \u00e1rea destinada ao p\u00fablico infantil, com decora\u00e7\u00f5es l\u00fadicas e oficinas artesanais, e espa\u00e7o de alimenta\u00e7\u00e3o.<\/p>\n<p>Um dos organizadores do evento, Pedro Paiva, ressaltou que a feira foi idealizada, inicialmente, para promover o encontro de artistas que apreciam a cultura de discos: \u201cCom o retorno da primeira edi\u00e7\u00e3o, decidimos realizar a segunda, com prop\u00f3sito maior, o de valorizar o disco de vinil para al\u00e9m de fins econ\u00f4micos, por meio da divulga\u00e7\u00e3o de jovens talentos, como a banda \u2018Beach Combers\u2019, mostrando \u00e0s pessoas o quanto os vinis ainda continuam presentes nos tempos atuais\u201d.<\/p>\n<hr \/>\n<p>&nbsp;Fonte: Assessoria<\/p>\n","protected":false},"excerpt":{"rendered":"<p>Uma tarde marcada por encontros de artistas, colecionadores e curiosos sobre a cultura de discos. A \u201c2\u00aa Feira de Discos de Juiz de Fora\u201d est\u00e1 marcada para domingo, 8, das 13h \u00e0s 20 horas, no Museu Ferrovi\u00e1rio. O local receber\u00e1 artistas regionais e de outros estados, como a banda carioca \u201cBeach Combers\u201d, que tocar\u00e1 seu [&hellip;]<\/p>\n","protected":false},"author":96,"featured_media":95305,"comment_status":"closed","ping_status":"closed","sticky":false,"template":"","format":"standard","meta":{"footnotes":""},"categories":[256],"tags":[],"class_list":["post-95306","post","type-post","status-publish","format-standard","has-post-thumbnail","hentry","category-cultura"],"_links":{"self":[{"href":"https:\/\/diarioregionaldigital.com.br\/index.php?rest_route=\/wp\/v2\/posts\/95306","targetHints":{"allow":["GET"]}}],"collection":[{"href":"https:\/\/diarioregionaldigital.com.br\/index.php?rest_route=\/wp\/v2\/posts"}],"about":[{"href":"https:\/\/diarioregionaldigital.com.br\/index.php?rest_route=\/wp\/v2\/types\/post"}],"author":[{"embeddable":true,"href":"https:\/\/diarioregionaldigital.com.br\/index.php?rest_route=\/wp\/v2\/users\/96"}],"replies":[{"embeddable":true,"href":"https:\/\/diarioregionaldigital.com.br\/index.php?rest_route=%2Fwp%2Fv2%2Fcomments&post=95306"}],"version-history":[{"count":0,"href":"https:\/\/diarioregionaldigital.com.br\/index.php?rest_route=\/wp\/v2\/posts\/95306\/revisions"}],"wp:featuredmedia":[{"embeddable":true,"href":"https:\/\/diarioregionaldigital.com.br\/index.php?rest_route=\/wp\/v2\/media\/95305"}],"wp:attachment":[{"href":"https:\/\/diarioregionaldigital.com.br\/index.php?rest_route=%2Fwp%2Fv2%2Fmedia&parent=95306"}],"wp:term":[{"taxonomy":"category","embeddable":true,"href":"https:\/\/diarioregionaldigital.com.br\/index.php?rest_route=%2Fwp%2Fv2%2Fcategories&post=95306"},{"taxonomy":"post_tag","embeddable":true,"href":"https:\/\/diarioregionaldigital.com.br\/index.php?rest_route=%2Fwp%2Fv2%2Ftags&post=95306"}],"curies":[{"name":"wp","href":"https:\/\/api.w.org\/{rel}","templated":true}]}}