{"id":95302,"date":"2018-04-06T03:08:35","date_gmt":"2018-04-06T06:08:35","guid":{"rendered":"http:\/\/diarioregionaljf.com.br\/2018\/04\/06\/setor-de-parques-e-jardins-da-empav-atua-em-dez-bairros\/"},"modified":"2018-04-06T03:08:35","modified_gmt":"2018-04-06T06:08:35","slug":"setor-de-parques-e-jardins-da-empav-atua-em-dez-bairros","status":"publish","type":"post","link":"https:\/\/diarioregionaldigital.com.br\/?p=95302","title":{"rendered":"Setor de parques e jardins da Empav atua em dez bairros"},"content":{"rendered":"<p>Nessa \u00faltima quinta-feira, 5, o setor de parques e jardins da Empresa Municipal de Pavimenta\u00e7\u00e3o e Urbaniza\u00e7\u00e3o (Empav) est\u00e1 realizando a manuten\u00e7\u00e3o das pra\u00e7as \u201cFrancisco Bellei\u201d, no Bairro Jardim do Sol; \u201cVereador Jair Reihn\u201d e \u201cAlcir Alcides de Almeida\u201d, no Marumbi; \u201cCoronel Apr\u00edgio Ribeiro\u201d, \u201cPresidente Kennedy\u201d e \u201cdo Cruzeiro\u201d, no Paineiras; e na do Milho Branco.<br \/>Al\u00e9m delas, o canteiro central da Avenida Bar\u00e3o do Rio Branco, na altura do Mergulh\u00e3o, no Centro, e a Pra\u00e7a \u201cTenente-aviador Mauro Miranda Vieira\u201d, no Jardim Gl\u00f3ria, tamb\u00e9m receber\u00e3o manuten\u00e7\u00e3o at\u00e9 esta sexta-feira, 6. Nesta semana, a Empav j\u00e1 atuou na manuten\u00e7\u00e3o do canteiro central do Bairro Guaru\u00e1 e nas pra\u00e7as dos bairros Progresso, Nossa Senhora das Gra\u00e7as e Eldorado.<\/p>\n<p>O servi\u00e7o \u00e9 cont\u00ednuo em todas as regi\u00f5es da cidade, conforme programa\u00e7\u00e3o pr\u00e9-estabelecida. Na pr\u00f3xima semana, outras pra\u00e7as de diversos bairros da cidade passar\u00e3o por manuten\u00e7\u00e3o. A Empav refor\u00e7a que \u00e9 fundamental a colabora\u00e7\u00e3o da popula\u00e7\u00e3o, n\u00e3o fazendo descarte irregular de lixo urbano e dom\u00e9stico, para que os espa\u00e7os se mantenham limpos.<\/p>\n<hr \/>\n<p>&nbsp;Fonte: Assessoria<\/p>\n","protected":false},"excerpt":{"rendered":"<p>Nessa \u00faltima quinta-feira, 5, o setor de parques e jardins da Empresa Municipal de Pavimenta\u00e7\u00e3o e Urbaniza\u00e7\u00e3o (Empav) est\u00e1 realizando a manuten\u00e7\u00e3o das pra\u00e7as \u201cFrancisco Bellei\u201d, no Bairro Jardim do Sol; \u201cVereador Jair Reihn\u201d e \u201cAlcir Alcides de Almeida\u201d, no Marumbi; \u201cCoronel Apr\u00edgio Ribeiro\u201d, \u201cPresidente Kennedy\u201d e \u201cdo Cruzeiro\u201d, no Paineiras; e na do Milho [&hellip;]<\/p>\n","protected":false},"author":96,"featured_media":95301,"comment_status":"closed","ping_status":"closed","sticky":false,"template":"","format":"standard","meta":{"footnotes":""},"categories":[253],"tags":[],"class_list":["post-95302","post","type-post","status-publish","format-standard","has-post-thumbnail","hentry","category-cidade"],"_links":{"self":[{"href":"https:\/\/diarioregionaldigital.com.br\/index.php?rest_route=\/wp\/v2\/posts\/95302","targetHints":{"allow":["GET"]}}],"collection":[{"href":"https:\/\/diarioregionaldigital.com.br\/index.php?rest_route=\/wp\/v2\/posts"}],"about":[{"href":"https:\/\/diarioregionaldigital.com.br\/index.php?rest_route=\/wp\/v2\/types\/post"}],"author":[{"embeddable":true,"href":"https:\/\/diarioregionaldigital.com.br\/index.php?rest_route=\/wp\/v2\/users\/96"}],"replies":[{"embeddable":true,"href":"https:\/\/diarioregionaldigital.com.br\/index.php?rest_route=%2Fwp%2Fv2%2Fcomments&post=95302"}],"version-history":[{"count":0,"href":"https:\/\/diarioregionaldigital.com.br\/index.php?rest_route=\/wp\/v2\/posts\/95302\/revisions"}],"wp:featuredmedia":[{"embeddable":true,"href":"https:\/\/diarioregionaldigital.com.br\/index.php?rest_route=\/wp\/v2\/media\/95301"}],"wp:attachment":[{"href":"https:\/\/diarioregionaldigital.com.br\/index.php?rest_route=%2Fwp%2Fv2%2Fmedia&parent=95302"}],"wp:term":[{"taxonomy":"category","embeddable":true,"href":"https:\/\/diarioregionaldigital.com.br\/index.php?rest_route=%2Fwp%2Fv2%2Fcategories&post=95302"},{"taxonomy":"post_tag","embeddable":true,"href":"https:\/\/diarioregionaldigital.com.br\/index.php?rest_route=%2Fwp%2Fv2%2Ftags&post=95302"}],"curies":[{"name":"wp","href":"https:\/\/api.w.org\/{rel}","templated":true}]}}