{"id":95300,"date":"2018-04-05T23:33:51","date_gmt":"2018-04-06T02:33:51","guid":{"rendered":"http:\/\/diarioregionaljf.com.br\/2018\/04\/05\/pecas-nao-vao-alem-e-ela-se-vinga-com-um-monologo-abrem-o-1-encontro-sala-de-giz\/"},"modified":"2018-04-05T23:33:51","modified_gmt":"2018-04-06T02:33:51","slug":"pecas-nao-vao-alem-e-ela-se-vinga-com-um-monologo-abrem-o-1-encontro-sala-de-giz","status":"publish","type":"post","link":"https:\/\/diarioregionaldigital.com.br\/?p=95300","title":{"rendered":"Pe\u00e7as \u201cN\u00e3o-v\u00e3o-al\u00e9m\u201d e \u201cEla se vinga com um mon\u00f3logo\u201d abrem o \u201c1\u00ba Encontro Sala de Giz\u201d"},"content":{"rendered":"<p>Nesta sexta, 6, as pe\u00e7as \u201cN\u00e3o-v\u00e3o-al\u00e9m\u201d e \u201cEla se vinga com um mon\u00f3logo\u201d ocupam o Teatro Paschoal Carlos Magno (Rua Gilberto de Alencar s\/n \u2013 Centro), dando largada para a maratona teatral do \u201c1\u00ba Encontro Sala de Giz de Teatro e Po\u00e9ticas do Corpo\u201d, que acontece at\u00e9 dia 15, domingo, em v\u00e1rios pontos da cidade. Os ingressos podem ser adquiridos antecipadamente pelo site ou pelo telefone (32) 99943-8485, com o valor promocional de R$15. No dia do evento, a entrada poder\u00e1 ser adquirida por R$30 a inteira e R$15 a meia.<\/p>\n<p>Promovido pela Cia. Sala de Giz, com apoio da Prefeitura de Juiz de Fora\/Funalfa, o encontro, al\u00e9m de se configurar como mostra de espet\u00e1culos, reunindo 12 pe\u00e7as, tamb\u00e9m oferecer\u00e1 seis oficinas de forma\u00e7\u00e3o, uma roda de conversa e uma festa de encerramento. A a\u00e7\u00e3o tem como objetivos promover forma\u00e7\u00e3o, troca de saberes e experi\u00eancia art\u00edstica. A programa\u00e7\u00e3o est\u00e1 dispon\u00edvel na p\u00e1gina do evento no facebook.<\/p>\n<h4>PROGRAMA\u00c7\u00c3O:<\/h4>\n<p>&nbsp;<\/p>\n<p><strong>&#8211; N\u00e3o-v\u00e3o-al\u00e9m (Juiz de Fora &#8211; MG)<\/strong><br \/>Companhia: Pisa Ligeiro<br \/>Data: 6\/4 &#8211; Sexta-feira<br \/>Local e hor\u00e1rio: Teatro Paschoal Carlos Magno | 19h<br \/>Sinopse: N\u00e3o-v\u00e3o-al\u00e9m \u00e9 um lugar imagin\u00e1rio. Ex\u00edlio para um casal de jovens artistas que viajou pelo mundo durante nove meses, at\u00e9 um desentendimento sobre o caminho. Seguir no mundo ou criar ra\u00edzes?<br \/>Dire\u00e7\u00e3o e Dramaturgia: Felipe Moratori<br \/>Dura\u00e7\u00e3o: 50 minutos<br \/>Classifica\u00e7\u00e3o: Livre<\/p>\n<p><strong>&#8211; Ela se Vinga com um Mon\u00f3logo (Rio de Janeiro \u2013 RJ)<\/strong><br \/>Companhia: Okear\u00f4<br \/>Data: 6\/4 &#8211; Sexta-feira<br \/>Local e hor\u00e1rio: Teatro Paschoal Carlos Magno | 21h<br \/>Sinopse: As palavras precisas de Simone de Beauvoir trazem os pensamentos nada lineares de Murielle, uma mulher que se encontra sozinha, na noite de ano novo, revivendo as suas rela\u00e7\u00f5es familiares, as suas rela\u00e7\u00f5es com o mundo e consigo mesma.<br \/>Dire\u00e7\u00e3o: Mar\u00edlia Gurgel<br \/>Atua\u00e7\u00e3o: Tatiana Henrique<br \/>Dura\u00e7\u00e3o: 60 minutos<br \/>Classifica\u00e7\u00e3o: 14 anos<\/p>\n<p>Fonte: Assessoria<\/p>\n","protected":false},"excerpt":{"rendered":"<p>Nesta sexta, 6, as pe\u00e7as \u201cN\u00e3o-v\u00e3o-al\u00e9m\u201d e \u201cEla se vinga com um mon\u00f3logo\u201d ocupam o Teatro Paschoal Carlos Magno (Rua Gilberto de Alencar s\/n \u2013 Centro), dando largada para a maratona teatral do \u201c1\u00ba Encontro Sala de Giz de Teatro e Po\u00e9ticas do Corpo\u201d, que acontece at\u00e9 dia 15, domingo, em v\u00e1rios pontos da cidade. [&hellip;]<\/p>\n","protected":false},"author":96,"featured_media":95299,"comment_status":"closed","ping_status":"closed","sticky":false,"template":"","format":"standard","meta":{"footnotes":""},"categories":[256],"tags":[],"class_list":["post-95300","post","type-post","status-publish","format-standard","has-post-thumbnail","hentry","category-cultura"],"_links":{"self":[{"href":"https:\/\/diarioregionaldigital.com.br\/index.php?rest_route=\/wp\/v2\/posts\/95300","targetHints":{"allow":["GET"]}}],"collection":[{"href":"https:\/\/diarioregionaldigital.com.br\/index.php?rest_route=\/wp\/v2\/posts"}],"about":[{"href":"https:\/\/diarioregionaldigital.com.br\/index.php?rest_route=\/wp\/v2\/types\/post"}],"author":[{"embeddable":true,"href":"https:\/\/diarioregionaldigital.com.br\/index.php?rest_route=\/wp\/v2\/users\/96"}],"replies":[{"embeddable":true,"href":"https:\/\/diarioregionaldigital.com.br\/index.php?rest_route=%2Fwp%2Fv2%2Fcomments&post=95300"}],"version-history":[{"count":0,"href":"https:\/\/diarioregionaldigital.com.br\/index.php?rest_route=\/wp\/v2\/posts\/95300\/revisions"}],"wp:featuredmedia":[{"embeddable":true,"href":"https:\/\/diarioregionaldigital.com.br\/index.php?rest_route=\/wp\/v2\/media\/95299"}],"wp:attachment":[{"href":"https:\/\/diarioregionaldigital.com.br\/index.php?rest_route=%2Fwp%2Fv2%2Fmedia&parent=95300"}],"wp:term":[{"taxonomy":"category","embeddable":true,"href":"https:\/\/diarioregionaldigital.com.br\/index.php?rest_route=%2Fwp%2Fv2%2Fcategories&post=95300"},{"taxonomy":"post_tag","embeddable":true,"href":"https:\/\/diarioregionaldigital.com.br\/index.php?rest_route=%2Fwp%2Fv2%2Ftags&post=95300"}],"curies":[{"name":"wp","href":"https:\/\/api.w.org\/{rel}","templated":true}]}}