{"id":95292,"date":"2018-04-05T23:05:42","date_gmt":"2018-04-06T02:05:42","guid":{"rendered":"http:\/\/diarioregionaljf.com.br\/2018\/04\/05\/areas-de-instabilidade-associadas-ao-calor-podem-causar-chuvas-em-jf\/"},"modified":"2018-04-05T23:05:42","modified_gmt":"2018-04-06T02:05:42","slug":"areas-de-instabilidade-associadas-ao-calor-podem-causar-chuvas-em-jf","status":"publish","type":"post","link":"https:\/\/diarioregionaldigital.com.br\/?p=95292","title":{"rendered":"\u00c1reas de instabilidade associadas ao calor podem causar chuvas em JF"},"content":{"rendered":"<p>Chuvas passageiras ao final da tarde est\u00e3o previstas para at\u00e9 a pr\u00f3xima segunda-feira, 9, em Juiz de Fora. De acordo com informa\u00e7\u00f5es do Instituto Nacional de Meteorologia (Inmet) as temperaturas devem variar com m\u00ednima de 18\u00b0 e m\u00e1xima de 26\u00b0. Segundo o Inmet, \u00e1reas de instabilidade associada ao calor s\u00e3o respons\u00e1veis pelas chuvas. A umidade relativa do ar vai variar entre 90% e 50%.<\/p>\n","protected":false},"excerpt":{"rendered":"<p>Chuvas passageiras ao final da tarde est\u00e3o previstas para at\u00e9 a pr\u00f3xima segunda-feira, 9, em Juiz de Fora. De acordo com informa\u00e7\u00f5es do Instituto Nacional de Meteorologia (Inmet) as temperaturas devem variar com m\u00ednima de 18\u00b0 e m\u00e1xima de 26\u00b0. Segundo o Inmet, \u00e1reas de instabilidade associada ao calor s\u00e3o respons\u00e1veis pelas chuvas. A umidade [&hellip;]<\/p>\n","protected":false},"author":96,"featured_media":95291,"comment_status":"closed","ping_status":"closed","sticky":false,"template":"","format":"standard","meta":{"footnotes":""},"categories":[253],"tags":[],"class_list":["post-95292","post","type-post","status-publish","format-standard","has-post-thumbnail","hentry","category-cidade"],"_links":{"self":[{"href":"https:\/\/diarioregionaldigital.com.br\/index.php?rest_route=\/wp\/v2\/posts\/95292","targetHints":{"allow":["GET"]}}],"collection":[{"href":"https:\/\/diarioregionaldigital.com.br\/index.php?rest_route=\/wp\/v2\/posts"}],"about":[{"href":"https:\/\/diarioregionaldigital.com.br\/index.php?rest_route=\/wp\/v2\/types\/post"}],"author":[{"embeddable":true,"href":"https:\/\/diarioregionaldigital.com.br\/index.php?rest_route=\/wp\/v2\/users\/96"}],"replies":[{"embeddable":true,"href":"https:\/\/diarioregionaldigital.com.br\/index.php?rest_route=%2Fwp%2Fv2%2Fcomments&post=95292"}],"version-history":[{"count":0,"href":"https:\/\/diarioregionaldigital.com.br\/index.php?rest_route=\/wp\/v2\/posts\/95292\/revisions"}],"wp:featuredmedia":[{"embeddable":true,"href":"https:\/\/diarioregionaldigital.com.br\/index.php?rest_route=\/wp\/v2\/media\/95291"}],"wp:attachment":[{"href":"https:\/\/diarioregionaldigital.com.br\/index.php?rest_route=%2Fwp%2Fv2%2Fmedia&parent=95292"}],"wp:term":[{"taxonomy":"category","embeddable":true,"href":"https:\/\/diarioregionaldigital.com.br\/index.php?rest_route=%2Fwp%2Fv2%2Fcategories&post=95292"},{"taxonomy":"post_tag","embeddable":true,"href":"https:\/\/diarioregionaldigital.com.br\/index.php?rest_route=%2Fwp%2Fv2%2Ftags&post=95292"}],"curies":[{"name":"wp","href":"https:\/\/api.w.org\/{rel}","templated":true}]}}