{"id":95290,"date":"2018-04-05T23:03:18","date_gmt":"2018-04-06T02:03:18","guid":{"rendered":"http:\/\/diarioregionaljf.com.br\/2018\/04\/05\/prefeitura-municipal-de-rio-novo-06-04-18\/"},"modified":"2018-08-13T20:31:54","modified_gmt":"2018-08-13T23:31:54","slug":"prefeitura-municipal-de-rio-novo-06-04-18","status":"publish","type":"post","link":"https:\/\/diarioregionaldigital.com.br\/?p=95290","title":{"rendered":"Prefeitura Municipal de Rio Novo 06\/04\/18"},"content":{"rendered":"<p style=\"text-align: center;\"><span class=\"h4\">PREFEITURA MUNICIPAL DE RIO NOVO<\/span><br \/><span class=\"h4\">AVISO DE LICITA\u00c7\u00c3O<\/span><br \/><span class=\"h4\">Licita\u00e7\u00e3o n\u00b0 033\/2018<\/span><br \/><span class=\"h4\">Modalidade de Preg\u00e3o Presencial n\u00b0 022\/2018<\/span><br \/>O Munic\u00edpio de RIO NOVO, na forma da lei, faz saber a todos quantos o presente edital virem, ou dele conhecimento tiverem, que a partir das 10:00h do dia 18 de abril de 2018, na Prefeitura Municipal na sala da comiss\u00e3o de licita\u00e7\u00e3o, localizada na rua PRA\u00c7A PREF. RONALDO DUTRA BORGES, n\u00b0 001, bairro CENTRO, munic\u00edpio de RIO NOVO, ser\u00e1 realizada licita\u00e7\u00e3o para a PRESTA\u00c7\u00c3O DE SERVI\u00c7OS DE PROPAGANDA VOLANTE EM VE\u00cdCULOS DE SOM COM A GRAVA\u00c7\u00c3O INCLU\u00cdDA PARA DIVULGA\u00c7\u00c3O DE AVISOS tipo Menor Pre\u00e7o por Item pelo SISTEMA DE REGISTRO DE PRE\u00c7O conforme consta no edital que se encontra a disposi\u00e7\u00e3o de todos os interessados na Prefeitura Municipal, onde poder\u00e3o obt\u00ea-lo. Para conhecimento de todos os interessados, expediu-se o presente que ser\u00e1 afixado no lugar de costume, publicando-se na forma da lei. RIO NOVO, 5 de abril de 2018.<\/p>\n","protected":false},"excerpt":{"rendered":"<p>PREFEITURA MUNICIPAL DE RIO NOVOAVISO DE LICITA\u00c7\u00c3OLicita\u00e7\u00e3o n\u00b0 033\/2018Modalidade de Preg\u00e3o Presencial n\u00b0 022\/2018O Munic\u00edpio de RIO NOVO, na forma da lei, faz saber a todos quantos o presente edital virem, ou dele conhecimento tiverem, que a partir das 10:00h do dia 18 de abril de 2018, na Prefeitura Municipal na sala da comiss\u00e3o de [&hellip;]<\/p>\n","protected":false},"author":96,"featured_media":0,"comment_status":"closed","ping_status":"closed","sticky":false,"template":"","format":"standard","meta":{"footnotes":""},"categories":[307],"tags":[],"class_list":["post-95290","post","type-post","status-publish","format-standard","hentry","category-editais"],"_links":{"self":[{"href":"https:\/\/diarioregionaldigital.com.br\/index.php?rest_route=\/wp\/v2\/posts\/95290","targetHints":{"allow":["GET"]}}],"collection":[{"href":"https:\/\/diarioregionaldigital.com.br\/index.php?rest_route=\/wp\/v2\/posts"}],"about":[{"href":"https:\/\/diarioregionaldigital.com.br\/index.php?rest_route=\/wp\/v2\/types\/post"}],"author":[{"embeddable":true,"href":"https:\/\/diarioregionaldigital.com.br\/index.php?rest_route=\/wp\/v2\/users\/96"}],"replies":[{"embeddable":true,"href":"https:\/\/diarioregionaldigital.com.br\/index.php?rest_route=%2Fwp%2Fv2%2Fcomments&post=95290"}],"version-history":[{"count":0,"href":"https:\/\/diarioregionaldigital.com.br\/index.php?rest_route=\/wp\/v2\/posts\/95290\/revisions"}],"wp:attachment":[{"href":"https:\/\/diarioregionaldigital.com.br\/index.php?rest_route=%2Fwp%2Fv2%2Fmedia&parent=95290"}],"wp:term":[{"taxonomy":"category","embeddable":true,"href":"https:\/\/diarioregionaldigital.com.br\/index.php?rest_route=%2Fwp%2Fv2%2Fcategories&post=95290"},{"taxonomy":"post_tag","embeddable":true,"href":"https:\/\/diarioregionaldigital.com.br\/index.php?rest_route=%2Fwp%2Fv2%2Ftags&post=95290"}],"curies":[{"name":"wp","href":"https:\/\/api.w.org\/{rel}","templated":true}]}}