{"id":95289,"date":"2018-04-05T23:02:48","date_gmt":"2018-04-06T02:02:48","guid":{"rendered":"http:\/\/diarioregionaljf.com.br\/2018\/04\/05\/detran-anuncia-implantacao-de-sistema-para-monitorar-aulas-e-exames\/"},"modified":"2018-04-05T23:02:48","modified_gmt":"2018-04-06T02:02:48","slug":"detran-anuncia-implantacao-de-sistema-para-monitorar-aulas-e-exames","status":"publish","type":"post","link":"https:\/\/diarioregionaldigital.com.br\/?p=95289","title":{"rendered":"Detran anuncia implanta\u00e7\u00e3o de sistema para monitorar aulas e exames"},"content":{"rendered":"<p>A Pol\u00edcia Civil, por meio do Departamento de Tr\u00e2nsito de Minas Gerais (Detran-MG), anunciou, na ter\u00e7a-feira, 3, a implanta\u00e7\u00e3o do sistema de telemetria e videomonitoramento do processo de forma\u00e7\u00e3o de condutores de ve\u00edculos. O objetivo do sistema de monitoramento \u00e9 auxiliar a fiscaliza\u00e7\u00e3o das aulas pr\u00e1ticas de dire\u00e7\u00e3o e da avalia\u00e7\u00e3o do candidato \u00e0 Carteira Nacional de Habilita\u00e7\u00e3o (CNH), por meio de \u00e1udio, v\u00eddeo, fotos e de sensores ligados aos componentes do ve\u00edculo.<\/p>\n<p>O monitoramento come\u00e7ar\u00e1 pelas aulas pr\u00e1ticas em todas as categorias, depois ser\u00e1 a vez dos exames de dire\u00e7\u00e3o. Minas Gerais possui mais de 6,5 milh\u00f5es de habilitados, e o n\u00famero tende a crescer. O Detran-MG registrou, no ano passado, mais de 905 mil exames de candidatos \u00e0 carteira de habilita\u00e7\u00e3o para motos, carros, caminh\u00f5es, \u00f4nibus e reboques. Este ano j\u00e1 foram mais de 187 mil exames realizados.<\/p>\n<p>Para o diretor do Detran-MG, delegado-Geral C\u00e9sar Augusto Monteiro Alves Junior, a tecnologia visa garantir a qualidade, seguran\u00e7a, transpar\u00eancia e efici\u00eancia no processo de forma\u00e7\u00e3o e aperfei\u00e7oamento dos condutores no Estado de Minas Gerais. \u201cEssa solu\u00e7\u00e3o dotar\u00e1 o Detran de instrumentos, tecnologia e procedimentos que permitam melhor gerenciamento do processo de habilita\u00e7\u00e3o sob sua responsabilidade, sobretudo dos novos condutores\u201d, afirmou C\u00e9sar Augusto.<\/p>\n<p>O coordenador de Administra\u00e7\u00e3o de Tr\u00e2nsito, delegado Jos\u00e9 Marcelo de Paula Loureiro, destacou ainda, &#8220;que cada a\u00e7\u00e3o do candidato, no momento da aula e da avalia\u00e7\u00e3o ser\u00e1 monitorada, por isso ele ter\u00e1 que se qualificar melhor antes do exame. Certamente, o novo sistema vai auxiliar na forma\u00e7\u00e3o de candidatos mais preparados para o tr\u00e2nsito, proporcionando mais seguran\u00e7a e, consequentemente, diminui\u00e7\u00e3o no n\u00famero de acidentes nas vias\u201d, destacou.<\/p>\n<p>Em aproximadamente 40 dias, todos os Centros de Forma\u00e7\u00e3o de Condutores (CFC) de Minas Gerais devem apresentar o contrato com as empresas credenciadas para prestar o servi\u00e7o. De acordo com o coordenador de Habilita\u00e7\u00e3o, delegado Ednelton Carracci, o Detran-MG estabeleceu um cronograma que vai permitir a adapta\u00e7\u00e3o dos CFCs dentro do prazo, de forma a garantir um padr\u00e3o elevado na presta\u00e7\u00e3o desse servi\u00e7o.<\/p>\n<p>A novidade ser\u00e1 implantada, na primeira fase, durante as aulas de dire\u00e7\u00e3o ministradas por CFCs de Nova Lima, cidade da Regi\u00e3o Metropolitana de Belo Horizonte. De acordo com o cronograma, em torno de 120 dias, todo o Estado deve estar adaptado \u00e0 nova tecnologia, incluindo tamb\u00e9m os exames de dire\u00e7\u00e3o, como determina a Portaria 238\/14, do Departamento Nacional de Tr\u00e2nsito (Denatran).<\/p>\n<p>O Detran-MG esclarece que n\u00e3o haver\u00e1 aumento das taxas de seguran\u00e7a p\u00fablica para candidatos \u00e0 habilita\u00e7\u00e3o. No entanto, fica sob responsabilidade dos CFCs a altera\u00e7\u00e3o ou n\u00e3o dos valores cobrados pelos servi\u00e7os prestados.<\/p>\n<p>Fonte: Assessoria<\/p>\n","protected":false},"excerpt":{"rendered":"<p>A Pol\u00edcia Civil, por meio do Departamento de Tr\u00e2nsito de Minas Gerais (Detran-MG), anunciou, na ter\u00e7a-feira, 3, a implanta\u00e7\u00e3o do sistema de telemetria e videomonitoramento do processo de forma\u00e7\u00e3o de condutores de ve\u00edculos. O objetivo do sistema de monitoramento \u00e9 auxiliar a fiscaliza\u00e7\u00e3o das aulas pr\u00e1ticas de dire\u00e7\u00e3o e da avalia\u00e7\u00e3o do candidato \u00e0 Carteira [&hellip;]<\/p>\n","protected":false},"author":96,"featured_media":95288,"comment_status":"closed","ping_status":"closed","sticky":false,"template":"","format":"standard","meta":{"footnotes":""},"categories":[252],"tags":[],"class_list":["post-95289","post","type-post","status-publish","format-standard","has-post-thumbnail","hentry","category-regiao"],"_links":{"self":[{"href":"https:\/\/diarioregionaldigital.com.br\/index.php?rest_route=\/wp\/v2\/posts\/95289","targetHints":{"allow":["GET"]}}],"collection":[{"href":"https:\/\/diarioregionaldigital.com.br\/index.php?rest_route=\/wp\/v2\/posts"}],"about":[{"href":"https:\/\/diarioregionaldigital.com.br\/index.php?rest_route=\/wp\/v2\/types\/post"}],"author":[{"embeddable":true,"href":"https:\/\/diarioregionaldigital.com.br\/index.php?rest_route=\/wp\/v2\/users\/96"}],"replies":[{"embeddable":true,"href":"https:\/\/diarioregionaldigital.com.br\/index.php?rest_route=%2Fwp%2Fv2%2Fcomments&post=95289"}],"version-history":[{"count":0,"href":"https:\/\/diarioregionaldigital.com.br\/index.php?rest_route=\/wp\/v2\/posts\/95289\/revisions"}],"wp:featuredmedia":[{"embeddable":true,"href":"https:\/\/diarioregionaldigital.com.br\/index.php?rest_route=\/wp\/v2\/media\/95288"}],"wp:attachment":[{"href":"https:\/\/diarioregionaldigital.com.br\/index.php?rest_route=%2Fwp%2Fv2%2Fmedia&parent=95289"}],"wp:term":[{"taxonomy":"category","embeddable":true,"href":"https:\/\/diarioregionaldigital.com.br\/index.php?rest_route=%2Fwp%2Fv2%2Fcategories&post=95289"},{"taxonomy":"post_tag","embeddable":true,"href":"https:\/\/diarioregionaldigital.com.br\/index.php?rest_route=%2Fwp%2Fv2%2Ftags&post=95289"}],"curies":[{"name":"wp","href":"https:\/\/api.w.org\/{rel}","templated":true}]}}