{"id":95287,"date":"2018-04-05T23:02:13","date_gmt":"2018-04-06T02:02:13","guid":{"rendered":"http:\/\/diarioregionaljf.com.br\/2018\/04\/05\/edital-convocacao-htmj-06-04-18\/"},"modified":"2018-08-13T20:31:54","modified_gmt":"2018-08-13T23:31:54","slug":"edital-convocacao-htmj-06-04-18","status":"publish","type":"post","link":"https:\/\/diarioregionaldigital.com.br\/?p=95287","title":{"rendered":"Edital Convoca\u00e7\u00e3o HTMJ 06\/04\/18"},"content":{"rendered":"<p style=\"text-align: center;\"><span class=\"h4\">EDITAL DE CONVOCA\u00c7\u00c3O<\/span><br \/>Pelo presente edital e de acordo com o que estabelecem os artigos 15-23, todos do Estatuto vigente, ficam convocados os associados do Hospital e Maternidade Therezinha de Jesus &#8211; HMTJ, para a Assembleia Geral Extraordin\u00e1ria a realizar-se no dia 10 de abril de 2018, na sede social da entidade \u00e0 Rua Dr. Dirceu de Andrade, n\u00b0 33, Bairro S\u00e3o Mateus,<br \/>Juiz de Fora &#8211; MG, 36025-140 \u00e0s 14h:00min., em primeira convoca\u00e7\u00e3o e, na falta de n\u00famero legal, em segunda convoca\u00e7\u00e3o \u00e0s 14h30min., e t\u00e9rmino \u00e0s 18 horas do mesmo dia e local, com os associados ent\u00e3o presentes, para deliberarem a seguinte ordem do dia:<br \/>\u2022Aprova\u00e7\u00e3o da proposta de altera\u00e7\u00e3o do Estatuto da Entidade.<\/p>\n","protected":false},"excerpt":{"rendered":"<p>EDITAL DE CONVOCA\u00c7\u00c3OPelo presente edital e de acordo com o que estabelecem os artigos 15-23, todos do Estatuto vigente, ficam convocados os associados do Hospital e Maternidade Therezinha de Jesus &#8211; HMTJ, para a Assembleia Geral Extraordin\u00e1ria a realizar-se no dia 10 de abril de 2018, na sede social da entidade \u00e0 Rua Dr. Dirceu [&hellip;]<\/p>\n","protected":false},"author":96,"featured_media":0,"comment_status":"closed","ping_status":"closed","sticky":false,"template":"","format":"standard","meta":{"footnotes":""},"categories":[307],"tags":[],"class_list":["post-95287","post","type-post","status-publish","format-standard","hentry","category-editais"],"_links":{"self":[{"href":"https:\/\/diarioregionaldigital.com.br\/index.php?rest_route=\/wp\/v2\/posts\/95287","targetHints":{"allow":["GET"]}}],"collection":[{"href":"https:\/\/diarioregionaldigital.com.br\/index.php?rest_route=\/wp\/v2\/posts"}],"about":[{"href":"https:\/\/diarioregionaldigital.com.br\/index.php?rest_route=\/wp\/v2\/types\/post"}],"author":[{"embeddable":true,"href":"https:\/\/diarioregionaldigital.com.br\/index.php?rest_route=\/wp\/v2\/users\/96"}],"replies":[{"embeddable":true,"href":"https:\/\/diarioregionaldigital.com.br\/index.php?rest_route=%2Fwp%2Fv2%2Fcomments&post=95287"}],"version-history":[{"count":0,"href":"https:\/\/diarioregionaldigital.com.br\/index.php?rest_route=\/wp\/v2\/posts\/95287\/revisions"}],"wp:attachment":[{"href":"https:\/\/diarioregionaldigital.com.br\/index.php?rest_route=%2Fwp%2Fv2%2Fmedia&parent=95287"}],"wp:term":[{"taxonomy":"category","embeddable":true,"href":"https:\/\/diarioregionaldigital.com.br\/index.php?rest_route=%2Fwp%2Fv2%2Fcategories&post=95287"},{"taxonomy":"post_tag","embeddable":true,"href":"https:\/\/diarioregionaldigital.com.br\/index.php?rest_route=%2Fwp%2Fv2%2Ftags&post=95287"}],"curies":[{"name":"wp","href":"https:\/\/api.w.org\/{rel}","templated":true}]}}