{"id":95244,"date":"2018-04-05T17:34:10","date_gmt":"2018-04-05T20:34:10","guid":{"rendered":"http:\/\/diarioregionaljf.com.br\/2018\/04\/05\/detran-mg-define-prazo-de-licenciamento-anual-de-veiculos\/"},"modified":"2018-04-05T17:34:10","modified_gmt":"2018-04-05T20:34:10","slug":"detran-mg-define-prazo-de-licenciamento-anual-de-veiculos","status":"publish","type":"post","link":"https:\/\/diarioregionaldigital.com.br\/?p=95244","title":{"rendered":"Detran-MG define prazo de licenciamento anual de ve\u00edculos"},"content":{"rendered":"<p>A Pol\u00edcia Civil de Minas Gerais, por meio do Departamento de Tr\u00e2nsito de Minas Gerais (Detran-MG), definiu os prazos para renova\u00e7\u00e3o do Certificado de Registro de Licenciamento de Ve\u00edculos (CRLV) em 2018. Este ano, os propriet\u00e1rios de ve\u00edculos com final de placas 1, 2, 3, 4 e 5 poder\u00e3o portar o CRLV\/2017 at\u00e9 o dia 30 de junho, para os finais 6,7,8, 9 e 0, o prazo \u00e9 31 de julho.<\/p>\n<p>Os donos de ve\u00edculos devem ficar atentos aos prazos, pois, de acordo com o C\u00f3digo de Tr\u00e2nsito Brasileiro (CTB), o ve\u00edculo \u00e9 considerado licenciado somente ap\u00f3s a quita\u00e7\u00e3o dos d\u00e9bitos do Imposto de Propriedade de Ve\u00edculo Automotor (IPVA), Seguro Obrigat\u00f3rio, Licenciamento e multas. Atualmente, em Minas Gerais existem mais de 9,2 milh\u00f5es de ve\u00edculos registrados em condi\u00e7\u00f5es de licenciamento. No entanto, de acordo com o dado mais recente do Detran-MG, cerca de 53% destes ve\u00edculos tem alguma pend\u00eancia registrada no sistema do \u00f3rg\u00e3o.<\/p>\n<p>Quem est\u00e1 em atraso com os tributos pode fazer o pagamento nas redes banc\u00e1rias credenciadas ou, ainda, por meio de parcelamento em cart\u00e3o de cr\u00e9dito nos postos credenciados ao Detran-MG.<\/p>\n<p>Quando todos os d\u00e9bitos estiverem quitados, o CRLV ser\u00e1 enviado pelos Correios, com Aviso de Recebimento (AR). Havendo irregularidade cadastral, o documento n\u00e3o ser\u00e1 emitido, e o propriet\u00e1rio ser\u00e1 informado, desde que o endere\u00e7o esteja atualizado no sistema do Detran-MG.<\/p>\n<p>Ap\u00f3s tr\u00eas tentativas de entrega n\u00e3o realizadas, o documento ser\u00e1 encaminhado para a Unidade de Atendimento Integrado (UAI), nos munic\u00edpios onde existem estes postos. Nas demais cidades, o documento fica dispon\u00edvel ao propriet\u00e1rio do ve\u00edculo nas Delegacias de Tr\u00e2nsito.<\/p>\n<p>O Detran-MG alerta que conduzir ve\u00edculo que n\u00e3o esteja registrado e devidamente licenciado \u00e9 infra\u00e7\u00e3o grav\u00edssima, de R$293,47, al\u00e9m de 7 pontos na carteira e remo\u00e7\u00e3o do ve\u00edculo, conforme o artigo 230 do CTB.<\/p>\n<p>Em caso de n\u00e3o recebimento da documenta\u00e7\u00e3o, \u00e9 poss\u00edvel consultar no site www.detran.mg.gov.br \u2013 \u201cconsulta situa\u00e7\u00e3o do ve\u00edculo\u201d para informa\u00e7\u00f5es sobre os motivos do n\u00e3o licenciamento.<\/p>\n<p>Fonte: Ag\u00eancia Minas<\/p>\n","protected":false},"excerpt":{"rendered":"<p>A Pol\u00edcia Civil de Minas Gerais, por meio do Departamento de Tr\u00e2nsito de Minas Gerais (Detran-MG), definiu os prazos para renova\u00e7\u00e3o do Certificado de Registro de Licenciamento de Ve\u00edculos (CRLV) em 2018. Este ano, os propriet\u00e1rios de ve\u00edculos com final de placas 1, 2, 3, 4 e 5 poder\u00e3o portar o CRLV\/2017 at\u00e9 o dia [&hellip;]<\/p>\n","protected":false},"author":96,"featured_media":95243,"comment_status":"closed","ping_status":"closed","sticky":false,"template":"","format":"standard","meta":{"footnotes":""},"categories":[252],"tags":[],"class_list":["post-95244","post","type-post","status-publish","format-standard","has-post-thumbnail","hentry","category-regiao"],"_links":{"self":[{"href":"https:\/\/diarioregionaldigital.com.br\/index.php?rest_route=\/wp\/v2\/posts\/95244","targetHints":{"allow":["GET"]}}],"collection":[{"href":"https:\/\/diarioregionaldigital.com.br\/index.php?rest_route=\/wp\/v2\/posts"}],"about":[{"href":"https:\/\/diarioregionaldigital.com.br\/index.php?rest_route=\/wp\/v2\/types\/post"}],"author":[{"embeddable":true,"href":"https:\/\/diarioregionaldigital.com.br\/index.php?rest_route=\/wp\/v2\/users\/96"}],"replies":[{"embeddable":true,"href":"https:\/\/diarioregionaldigital.com.br\/index.php?rest_route=%2Fwp%2Fv2%2Fcomments&post=95244"}],"version-history":[{"count":0,"href":"https:\/\/diarioregionaldigital.com.br\/index.php?rest_route=\/wp\/v2\/posts\/95244\/revisions"}],"wp:featuredmedia":[{"embeddable":true,"href":"https:\/\/diarioregionaldigital.com.br\/index.php?rest_route=\/wp\/v2\/media\/95243"}],"wp:attachment":[{"href":"https:\/\/diarioregionaldigital.com.br\/index.php?rest_route=%2Fwp%2Fv2%2Fmedia&parent=95244"}],"wp:term":[{"taxonomy":"category","embeddable":true,"href":"https:\/\/diarioregionaldigital.com.br\/index.php?rest_route=%2Fwp%2Fv2%2Fcategories&post=95244"},{"taxonomy":"post_tag","embeddable":true,"href":"https:\/\/diarioregionaldigital.com.br\/index.php?rest_route=%2Fwp%2Fv2%2Ftags&post=95244"}],"curies":[{"name":"wp","href":"https:\/\/api.w.org\/{rel}","templated":true}]}}