{"id":95242,"date":"2018-04-05T17:32:03","date_gmt":"2018-04-05T20:32:03","guid":{"rendered":"http:\/\/diarioregionaljf.com.br\/2018\/04\/05\/pc-desmonta-esquema-de-venda-de-drogas-no-bairro-sao-benedito\/"},"modified":"2018-04-05T17:32:03","modified_gmt":"2018-04-05T20:32:03","slug":"pc-desmonta-esquema-de-venda-de-drogas-no-bairro-sao-benedito","status":"publish","type":"post","link":"https:\/\/diarioregionaldigital.com.br\/?p=95242","title":{"rendered":"PC desmonta esquema de venda de drogas no bairro S\u00e3o Benedito"},"content":{"rendered":"<p>A Pol\u00edcia Civil de Minas Gerais (PCMG) atrav\u00e9s da Delegacia Especializada Antidrogas realizou na noite dessa quarta-feira, 4, a Opera\u00e7\u00e3o Beneditina que culminou na pris\u00e3o de cinco autores, entre eles o foragido da justi\u00e7a e um dos traficantes mais conhecidos da cidade. A\u00e7\u00e3o ocorreu no bairro S\u00e3o Benedito, zona Leste da cidade.<\/p>\n<p>De acordo com o Delegado, da Especializada de Anti Drogas, Rog\u00e9rio Woyame, a a\u00e7\u00e3o foi resultado de investiga\u00e7\u00f5es da pol\u00edcia que vinham ocorrendo na regi\u00e3o. \u201cH\u00e1 algum tempo v\u00ednhamos observando a \u00e1rea, buscando um lugar para observar uma resid\u00eancia onde ocorriam as vendas de drogas. Entretanto, era muito dif\u00edcil parar um carro na regi\u00e3o sem chamar a aten\u00e7\u00e3o\u201d explicou.<\/p>\n<p>Na noite dessa quarta, uma viatura conseguiu se posicionar de forma que n\u00e3o fosse identificada. \u201cVimos uma pessoa chegando \u00e0 casa e tocando a campanhia. Abordamos o indiv\u00edduo que apesar n\u00e3o ter nenhum tipo de droga, apresentou nervosismo e tentou fugir dos policiais\u201d, relatou Woyame. O suspeito, de 43 anos, recebeu voz de pris\u00e3o em flagrante pelo crime de desobedi\u00eancia.<\/p>\n<p>Durante a abordagem do homem, outro indiv\u00edduo chegou ao ponto de vendas e chegou a pedir duas pe\u00e7as de drogas, que foram repassadas a ele por debaixo da porta da resid\u00eancia. O delegado explicou que \u201cno local eles vendem as drogas sem abrir a porta justamente pra dificultar a a\u00e7\u00e3o policial. N\u00f3s aguardamos para ver se a porta iria abrir e ent\u00e3o tentarmos entrar.\u201d<\/p>\n<p>Os policiais conseguiram escutar a conversa dos autores dentro da resid\u00eancia, que contava com forte esquema de seguran\u00e7a, cercada por paredes altas e port\u00e3o de ferro com abertura para a parte externa. Durante o di\u00e1logo os traficantes afirmavam esperar o usu\u00e1rio que comprava drogas se afastar, para que ent\u00e3o, abrissem a porta da casa. Nesse momento os policiais conseguiram entrar no local e realizaram a abordagem.<\/p>\n<p>No andar de cima da resid\u00eancia, em um c\u00f4modo principal, por cima de uma cama, foi localizada grande quantidade de maconha, coca\u00edna e crack, em formatos e por\u00e7\u00f5es maiores. Outra quantia estava dentro de uma mochila ao lado da cama.<\/p>\n<p>Ao todo foram apreendidas 29 pedras brutas de crack; 63 pedras de crack prontas para venda; 57 por\u00e7\u00f5es de coca\u00edna em pedra; 31 papelotes de coca\u00edna; 21 por\u00e7\u00f5es grandes de maconha; 35 buchas de maconha; uma por\u00e7\u00e3o de pasta base de coca\u00edna; um r\u00e1dio comunicador sintonizado na frequ\u00eancia da Pol\u00edcia Militar de Minas Gerais (PMMG) e duas balan\u00e7as eletr\u00f4nicas. Todo material apreendido e encaminhado para delegacia.<\/p>\n<p>Al\u00e9m do r\u00e1dio comunicador para estarem cientes das informa\u00e7\u00f5es da PMMG, os autores tamb\u00e9m planejavam instalar c\u00e2meras de vigil\u00e2ncia no entorno da casa a fim de monitorar qualquer a\u00e7\u00e3o da pol\u00edcia. Os equipamentos tamb\u00e9m foram apreendidos.<\/p>\n<p>Segundo Woyame, os quatro autores foram presos em flagrante, sendo que um deles era o dono da casa e tinha contato com outros traficantes da regi\u00e3o. \u201cTodos foram presos e encaminhados para o Centro de Remanejamento do Sistema Prisional (Ceresp). O autor de 35 anos, \u00e9 um traficante muito conhecido na cidade, possui v\u00e1rias passagens na pol\u00edcia por homic\u00eddio e tr\u00e1fico de drogas. Al\u00e9m disso, tamb\u00e9m tem envolvimento com outro dois traficantes presos mais de uma vez pela Pol\u00edcia Federal por trazer drogas para a cidade\u201d explicou o delegado.<\/p>\n<p>O homem de 35 anos possui dois mandados de pris\u00e3o expedidos em seu desfavor, referentes a condena\u00e7\u00f5es por tr\u00e1fico e homic\u00eddio, os quais somam um total de 35 anos de pris\u00e3o. Ele ficou amplamente conhecido por ter integrado a Organiza\u00e7\u00e3o Criminosa &#8220;Irm\u00e3os Metralha&#8221;, respons\u00e1vel pelo tr\u00e1fico de drogas na zona leste da cidade. O foragido era conhecido como o &#8220;matador dos metralha&#8221;.<\/p>\n<p>Woyame tamb\u00e9m destacou as a\u00e7\u00f5es da pol\u00edcia que \u201cvem trabalhando para conseguir identificar o dono do ponto de venda de drogas e prend\u00ea-lo de maneira que consigam vincular a droga ao verdadeiro propriet\u00e1rio que comanda o tr\u00e1fico no local\u201d.<\/p>\n<p>Ao todo, oito policiais participaram das investiga\u00e7\u00f5es e da a\u00e7\u00e3o dessa quarta-feira. A popula\u00e7\u00e3o tamb\u00e9m pode colaborar com o trabalho da pol\u00edcia atrav\u00e9s do disque-den\u00fancia, 181. As liga\u00e7\u00f5es s\u00e3o an\u00f4nimas.<\/p>\n","protected":false},"excerpt":{"rendered":"<p>A Pol\u00edcia Civil de Minas Gerais (PCMG) atrav\u00e9s da Delegacia Especializada Antidrogas realizou na noite dessa quarta-feira, 4, a Opera\u00e7\u00e3o Beneditina que culminou na pris\u00e3o de cinco autores, entre eles o foragido da justi\u00e7a e um dos traficantes mais conhecidos da cidade. A\u00e7\u00e3o ocorreu no bairro S\u00e3o Benedito, zona Leste da cidade. De acordo com [&hellip;]<\/p>\n","protected":false},"author":96,"featured_media":95241,"comment_status":"closed","ping_status":"closed","sticky":false,"template":"","format":"standard","meta":{"footnotes":""},"categories":[253],"tags":[],"class_list":["post-95242","post","type-post","status-publish","format-standard","has-post-thumbnail","hentry","category-cidade"],"_links":{"self":[{"href":"https:\/\/diarioregionaldigital.com.br\/index.php?rest_route=\/wp\/v2\/posts\/95242","targetHints":{"allow":["GET"]}}],"collection":[{"href":"https:\/\/diarioregionaldigital.com.br\/index.php?rest_route=\/wp\/v2\/posts"}],"about":[{"href":"https:\/\/diarioregionaldigital.com.br\/index.php?rest_route=\/wp\/v2\/types\/post"}],"author":[{"embeddable":true,"href":"https:\/\/diarioregionaldigital.com.br\/index.php?rest_route=\/wp\/v2\/users\/96"}],"replies":[{"embeddable":true,"href":"https:\/\/diarioregionaldigital.com.br\/index.php?rest_route=%2Fwp%2Fv2%2Fcomments&post=95242"}],"version-history":[{"count":0,"href":"https:\/\/diarioregionaldigital.com.br\/index.php?rest_route=\/wp\/v2\/posts\/95242\/revisions"}],"wp:featuredmedia":[{"embeddable":true,"href":"https:\/\/diarioregionaldigital.com.br\/index.php?rest_route=\/wp\/v2\/media\/95241"}],"wp:attachment":[{"href":"https:\/\/diarioregionaldigital.com.br\/index.php?rest_route=%2Fwp%2Fv2%2Fmedia&parent=95242"}],"wp:term":[{"taxonomy":"category","embeddable":true,"href":"https:\/\/diarioregionaldigital.com.br\/index.php?rest_route=%2Fwp%2Fv2%2Fcategories&post=95242"},{"taxonomy":"post_tag","embeddable":true,"href":"https:\/\/diarioregionaldigital.com.br\/index.php?rest_route=%2Fwp%2Fv2%2Ftags&post=95242"}],"curies":[{"name":"wp","href":"https:\/\/api.w.org\/{rel}","templated":true}]}}